{"id":17554,"date":"2025-07-11T09:07:58","date_gmt":"2025-07-11T12:07:58","guid":{"rendered":"https:\/\/laserenaradio.cl\/web\/?p=17554"},"modified":"2025-07-11T09:07:58","modified_gmt":"2025-07-11T12:07:58","slug":"deportes-limache-vence-a-coquimbo-unido-por-2-1-en-copa-chile","status":"publish","type":"post","link":"https:\/\/laserenaradio.cl\/web\/2025\/07\/11\/deportes-limache-vence-a-coquimbo-unido-por-2-1-en-copa-chile\/","title":{"rendered":"Deportes Limache vence a Coquimbo Unido por 2-1 en Copa Chile."},"content":{"rendered":"<p>Deportes Limache dio este jueves el primer golpe en la llave de cuartos de final de la Copa Chile 2025 ante Coquimbo Unido, luego de vencer por 2-1 en el Estadio Nicol\u00e1s Chahu\u00e1n Nazar de La Calera. El \u2018Tomate Mec\u00e1nico\u2019 firm\u00f3 un arranque demoledor frente a uno de los l\u00edderes de la Liga de Primera, con dos goles antes de los primeros 7 minutos de juego.<\/p>\n<p>Nicol\u00e1s Pe\u00f1ailillo fue el encargado de romper el cero con un golazo, a los 4\u2032. El lateral por izquierda de 34 a\u00f1os, con paso por Uni\u00f3n de Argentina, sac\u00f3 un tremendo zurdazo cruzado en el \u00e1rea, tras un rebote, para batir al arquero Diego S\u00e1nchez.<\/p>\n<p>Poco despu\u00e9s, a los 6\u2032, aument\u00f3 el cuadro local con anotaci\u00f3n de Abel Francisco Romero. El mediocampista argentino desenfund\u00f3 a la entrada del \u00e1rea un derechazo rasante y pegado al palo izquierdo de un est\u00e1tico golero \u2018pirata\u2019.<\/p>\n<p>A los 23 minutos el forastero le coloc\u00f3 emoci\u00f3n a la brega con el descuento, obra de Francisco Salinas. El lateral por derecha anot\u00f3 con un cabezazo en plena \u00e1rea chica, tras un lanzamiento libre.<\/p>\n<p>El complemento fue de ida y vuelta en el reducto de la Regi\u00f3n de Valpara\u00edso, pero sin grandes chances en los p\u00f3rticos.<\/p>\n","protected":false},"excerpt":{"rendered":"<p>Deportes Limache dio este jueves el primer golpe en la llave de cuartos de final de la Copa Chile 2025 ante Coquimbo Unido, luego de vencer por 2-1 en el Estadio Nicol\u00e1s Chahu\u00e1n Nazar de La Calera. El \u2018Tomate Mec\u00e1nico\u2019 firm\u00f3 un arranque demoledor frente a uno de los l\u00edderes de la Liga de Primera, [&hellip;]<\/p>\n","protected":false},"author":2,"featured_media":17553,"comment_status":"closed","ping_status":"open","sticky":false,"template":"","format":"standard","meta":{"_jetpack_memberships_contains_paid_content":false,"jnews-multi-image_gallery":[],"jnews_single_post":[],"jnews_primary_category":[],"jnews_social_meta":[],"jnews_paywall_metabox":[],"jnews_review":[],"enable_review":"","type":"","name":"","summary":"","brand":"","sku":"","good":[],"bad":[],"score_override":"","override_value":"","rating":[],"price":[],"jnews_override_counter":[],"jnews_post_split":[],"footnotes":""},"categories":[84],"tags":[],"class_list":["post-17554","post","type-post","status-publish","format-standard","has-post-thumbnail","hentry","category-deportes"],"jetpack_featured_media_url":"https:\/\/laserenaradio.cl\/web\/wp-content\/uploads\/2025\/07\/homepiaiextractoscrapimg_predeterminadalaserenaradio_deportes-5.webp","jetpack_sharing_enabled":true,"_links":{"self":[{"href":"https:\/\/laserenaradio.cl\/web\/wp-json\/wp\/v2\/posts\/17554","targetHints":{"allow":["GET"]}}],"collection":[{"href":"https:\/\/laserenaradio.cl\/web\/wp-json\/wp\/v2\/posts"}],"about":[{"href":"https:\/\/laserenaradio.cl\/web\/wp-json\/wp\/v2\/types\/post"}],"author":[{"embeddable":true,"href":"https:\/\/laserenaradio.cl\/web\/wp-json\/wp\/v2\/users\/2"}],"replies":[{"embeddable":true,"href":"https:\/\/laserenaradio.cl\/web\/wp-json\/wp\/v2\/comments?post=17554"}],"version-history":[{"count":1,"href":"https:\/\/laserenaradio.cl\/web\/wp-json\/wp\/v2\/posts\/17554\/revisions"}],"predecessor-version":[{"id":17555,"href":"https:\/\/laserenaradio.cl\/web\/wp-json\/wp\/v2\/posts\/17554\/revisions\/17555"}],"wp:featuredmedia":[{"embeddable":true,"href":"https:\/\/laserenaradio.cl\/web\/wp-json\/wp\/v2\/media\/17553"}],"wp:attachment":[{"href":"https:\/\/laserenaradio.cl\/web\/wp-json\/wp\/v2\/media?parent=17554"}],"wp:term":[{"taxonomy":"category","embeddable":true,"href":"https:\/\/laserenaradio.cl\/web\/wp-json\/wp\/v2\/categories?post=17554"},{"taxonomy":"post_tag","embeddable":true,"href":"https:\/\/laserenaradio.cl\/web\/wp-json\/wp\/v2\/tags?post=17554"}],"curies":[{"name":"wp","href":"https:\/\/api.w.org\/{rel}","templated":true}]}}