{"id":17551,"date":"2025-07-11T08:57:43","date_gmt":"2025-07-11T11:57:43","guid":{"rendered":"https:\/\/laserenaradio.cl\/web\/?p=17551"},"modified":"2025-07-11T08:57:43","modified_gmt":"2025-07-11T11:57:43","slug":"leandro-paredes-regresa-a-boca-juniors","status":"publish","type":"post","link":"https:\/\/laserenaradio.cl\/web\/2025\/07\/11\/leandro-paredes-regresa-a-boca-juniors\/","title":{"rendered":"Leandro Paredes regresa a Boca Juniors."},"content":{"rendered":"<p>Leandro Paredes sell\u00f3 su regreso a Boca Juniors, club donde comenz\u00f3 su carrera futbol\u00edstica, en una emocionante tarde con ovaciones y reencuentros que vibraron por toda La Bombonera. El evento inici\u00f3 en la sala de conferencias de la tienda \u2018azul y oro\u2019, donde el jugador expres\u00f3 su felicidad: \u201cSiempre so\u00f1\u00e9 con esto, no pens\u00e9 que iba a ser as\u00ed\u201d. Luego, se llev\u00f3 a cabo una ceremonia simb\u00f3lica cuando Juan Rom\u00e1n Riquelme, actual presidente del club y referente eterno de Boca Juniors, le entreg\u00f3 la camiseta n\u00famero 5. <\/p>\n<p>Paredes, de 30 a\u00f1os, quien debut\u00f3 con el equipo en 2010 y estuvo all\u00ed hasta 2014, mencion\u00f3 que siempre dese\u00f3 regresar al club en un buen nivel: \u201cMe siento muy bien f\u00edsica y futbol\u00edsticamente, madur\u00e9 much\u00edsimo en lo futbol\u00edstico y en lo personal, as\u00ed que estoy feliz\u201d. El momento culminante de la jornada estuvo cargado de emoci\u00f3n. Ya vestido con la azul y oro, acompa\u00f1ado por su familia, el mediocampista campe\u00f3n del mundo pis\u00f3 nuevamente el c\u00e9sped de La Bombonera, repleta de simpatizantes del Club de La Ribera. Miles de hinchas recibieron a Leandro como a un \u00eddolo, con fuegos artificiales, banderas al viento y gritos que convirtieron la tarde en una aut\u00e9ntica fiesta popular.<\/p>\n<p>No falt\u00f3 la t\u00edpica picard\u00eda de la afici\u00f3n de Boca. Al ritmo del cl\u00e1sico \u201cel que no salta, se fue a la B\u201d, los fan\u00e1ticos recordaron el paso por el descenso de Paredes y River Plate mientras este, entre risas y emoci\u00f3n, sumaba algunos saltos. &#8220;Estoy m\u00e1s que agradecido, ojal\u00e1 pueda darles muchas alegr\u00edas. Aguante Boca&#8221;, cerr\u00f3 Leandro entre aplausos, como flamante refuerzo del equipo.<\/p>\n","protected":false},"excerpt":{"rendered":"<p>Leandro Paredes sell\u00f3 su regreso a Boca Juniors, club donde comenz\u00f3 su carrera futbol\u00edstica, en una emocionante tarde con ovaciones y reencuentros que vibraron por toda La Bombonera. El evento inici\u00f3 en la sala de conferencias de la tienda \u2018azul y oro\u2019, donde el jugador expres\u00f3 su felicidad: \u201cSiempre so\u00f1\u00e9 con esto, no pens\u00e9 que [&hellip;]<\/p>\n","protected":false},"author":2,"featured_media":17550,"comment_status":"closed","ping_status":"open","sticky":false,"template":"","format":"standard","meta":{"_jetpack_memberships_contains_paid_content":false,"jnews-multi-image_gallery":[],"jnews_single_post":[],"jnews_primary_category":[],"jnews_social_meta":[],"jnews_paywall_metabox":[],"jnews_review":[],"enable_review":"","type":"","name":"","summary":"","brand":"","sku":"","good":[],"bad":[],"score_override":"","override_value":"","rating":[],"price":[],"jnews_override_counter":[],"jnews_post_split":[],"footnotes":""},"categories":[84],"tags":[],"class_list":["post-17551","post","type-post","status-publish","format-standard","has-post-thumbnail","hentry","category-deportes"],"jetpack_featured_media_url":"https:\/\/laserenaradio.cl\/web\/wp-content\/uploads\/2025\/07\/homepiaiextractoscrapimg_webpLeandroParedes_0.webp","jetpack_sharing_enabled":true,"_links":{"self":[{"href":"https:\/\/laserenaradio.cl\/web\/wp-json\/wp\/v2\/posts\/17551","targetHints":{"allow":["GET"]}}],"collection":[{"href":"https:\/\/laserenaradio.cl\/web\/wp-json\/wp\/v2\/posts"}],"about":[{"href":"https:\/\/laserenaradio.cl\/web\/wp-json\/wp\/v2\/types\/post"}],"author":[{"embeddable":true,"href":"https:\/\/laserenaradio.cl\/web\/wp-json\/wp\/v2\/users\/2"}],"replies":[{"embeddable":true,"href":"https:\/\/laserenaradio.cl\/web\/wp-json\/wp\/v2\/comments?post=17551"}],"version-history":[{"count":1,"href":"https:\/\/laserenaradio.cl\/web\/wp-json\/wp\/v2\/posts\/17551\/revisions"}],"predecessor-version":[{"id":17552,"href":"https:\/\/laserenaradio.cl\/web\/wp-json\/wp\/v2\/posts\/17551\/revisions\/17552"}],"wp:featuredmedia":[{"embeddable":true,"href":"https:\/\/laserenaradio.cl\/web\/wp-json\/wp\/v2\/media\/17550"}],"wp:attachment":[{"href":"https:\/\/laserenaradio.cl\/web\/wp-json\/wp\/v2\/media?parent=17551"}],"wp:term":[{"taxonomy":"category","embeddable":true,"href":"https:\/\/laserenaradio.cl\/web\/wp-json\/wp\/v2\/categories?post=17551"},{"taxonomy":"post_tag","embeddable":true,"href":"https:\/\/laserenaradio.cl\/web\/wp-json\/wp\/v2\/tags?post=17551"}],"curies":[{"name":"wp","href":"https:\/\/api.w.org\/{rel}","templated":true}]}}