{"id":17548,"date":"2025-07-11T08:48:26","date_gmt":"2025-07-11T11:48:26","guid":{"rendered":"https:\/\/laserenaradio.cl\/web\/?p=17548"},"modified":"2025-07-11T08:48:26","modified_gmt":"2025-07-11T11:48:26","slug":"trump-anuncia-aranceles-contra-canada-y-otros-paises","status":"publish","type":"post","link":"https:\/\/laserenaradio.cl\/web\/2025\/07\/11\/trump-anuncia-aranceles-contra-canada-y-otros-paises\/","title":{"rendered":"Trump anuncia aranceles contra Canad\u00e1 y otros pa\u00edses."},"content":{"rendered":"<p>El presidente Donald Trump aplicar\u00e1 un arancel del 35% a las mercanc\u00edas importadas desde Canad\u00e1, anunci\u00f3 en una publicaci\u00f3n en Truth Social. Este nivel arancelario entrar\u00e1 en vigor el 1 de agosto.<\/p>\n<p>Actualmente, no est\u00e1 claro si la exenci\u00f3n que rige para los bienes comerciales bajo el T-MEC se mantendr\u00e1 o finalizar\u00e1. Trump tambi\u00e9n considera aranceles generales del 15% al 20% para sus principales socios comerciales, seg\u00fan declar\u00f3 en una entrevista con NBC News.<\/p>\n<p>Esta nueva tasa general ser\u00eda superior a la actual de 10%, que se proyectaba inicialmente para Chile. En la entrevista, Trump indic\u00f3: &#8220;No todos tienen que recibir una carta. Simplemente estamos fijando nuestros aranceles&#8221;.<\/p>\n<p>En cuanto a Chile, la Canciller\u00eda a\u00fan no ha recibido el documento notificatorio. Trump agreg\u00f3: &#8220;Simplemente vamos a decir que todos los pa\u00edses restantes tendr\u00e1n que pagar, ya sea el 20% o el 15%. Eso lo resolveremos ahora&#8221;. Hasta ahora, son 22 las naciones que han recibido la notificaci\u00f3n.<\/p>\n","protected":false},"excerpt":{"rendered":"<p>El presidente Donald Trump aplicar\u00e1 un arancel del 35% a las mercanc\u00edas importadas desde Canad\u00e1, anunci\u00f3 en una publicaci\u00f3n en Truth Social. Este nivel arancelario entrar\u00e1 en vigor el 1 de agosto. Actualmente, no est\u00e1 claro si la exenci\u00f3n que rige para los bienes comerciales bajo el T-MEC se mantendr\u00e1 o finalizar\u00e1. Trump tambi\u00e9n considera [&hellip;]<\/p>\n","protected":false},"author":2,"featured_media":17547,"comment_status":"closed","ping_status":"open","sticky":false,"template":"","format":"standard","meta":{"_jetpack_memberships_contains_paid_content":false,"jnews-multi-image_gallery":[],"jnews_single_post":[],"jnews_primary_category":[],"jnews_social_meta":[],"jnews_paywall_metabox":[],"jnews_review":[],"enable_review":"","type":"","name":"","summary":"","brand":"","sku":"","good":[],"bad":[],"score_override":"","override_value":"","rating":[],"price":[],"jnews_override_counter":[],"jnews_post_split":[],"footnotes":""},"categories":[85],"tags":[],"class_list":["post-17548","post","type-post","status-publish","format-standard","has-post-thumbnail","hentry","category-economia"],"jetpack_featured_media_url":"https:\/\/laserenaradio.cl\/web\/wp-content\/uploads\/2025\/07\/homepiaiextractoscrapimg_webpTrumparancelescomercialesentrevista_0.webp","jetpack_sharing_enabled":true,"_links":{"self":[{"href":"https:\/\/laserenaradio.cl\/web\/wp-json\/wp\/v2\/posts\/17548","targetHints":{"allow":["GET"]}}],"collection":[{"href":"https:\/\/laserenaradio.cl\/web\/wp-json\/wp\/v2\/posts"}],"about":[{"href":"https:\/\/laserenaradio.cl\/web\/wp-json\/wp\/v2\/types\/post"}],"author":[{"embeddable":true,"href":"https:\/\/laserenaradio.cl\/web\/wp-json\/wp\/v2\/users\/2"}],"replies":[{"embeddable":true,"href":"https:\/\/laserenaradio.cl\/web\/wp-json\/wp\/v2\/comments?post=17548"}],"version-history":[{"count":1,"href":"https:\/\/laserenaradio.cl\/web\/wp-json\/wp\/v2\/posts\/17548\/revisions"}],"predecessor-version":[{"id":17549,"href":"https:\/\/laserenaradio.cl\/web\/wp-json\/wp\/v2\/posts\/17548\/revisions\/17549"}],"wp:featuredmedia":[{"embeddable":true,"href":"https:\/\/laserenaradio.cl\/web\/wp-json\/wp\/v2\/media\/17547"}],"wp:attachment":[{"href":"https:\/\/laserenaradio.cl\/web\/wp-json\/wp\/v2\/media?parent=17548"}],"wp:term":[{"taxonomy":"category","embeddable":true,"href":"https:\/\/laserenaradio.cl\/web\/wp-json\/wp\/v2\/categories?post=17548"},{"taxonomy":"post_tag","embeddable":true,"href":"https:\/\/laserenaradio.cl\/web\/wp-json\/wp\/v2\/tags?post=17548"}],"curies":[{"name":"wp","href":"https:\/\/api.w.org\/{rel}","templated":true}]}}