{"id":17542,"date":"2025-07-10T21:48:52","date_gmt":"2025-07-11T00:48:52","guid":{"rendered":"https:\/\/laserenaradio.cl\/web\/?p=17542"},"modified":"2025-07-10T21:48:52","modified_gmt":"2025-07-11T00:48:52","slug":"gobierno-posterga-licitacion-del-tren-valparaiso-santiago","status":"publish","type":"post","link":"https:\/\/laserenaradio.cl\/web\/2025\/07\/10\/gobierno-posterga-licitacion-del-tren-valparaiso-santiago\/","title":{"rendered":"Gobierno posterga licitaci\u00f3n del tren Valpara\u00edso-Santiago"},"content":{"rendered":"<p>El gobernador regional de Valpara\u00edso, Rodrigo Mundaca, critic\u00f3 severamente la decisi\u00f3n del Gobierno de posponer la licitaci\u00f3n para el tren Valpara\u00edso-Santiago hasta la pr\u00f3xima administraci\u00f3n, describi\u00e9ndola como &#8220;dispararse en los pies&#8221;. Este anuncio gener\u00f3 frustraci\u00f3n y desilusi\u00f3n entre la poblaci\u00f3n regional debido a las expectativas previamente creadas. Mundaca destac\u00f3 que durante mucho tiempo se hab\u00edan hecho declaraciones sobre el proyecto del tren, incluyendo rutas desde Valpara\u00edso hasta Limache, Calera de Taltal y Quinta Normal, lo que gener\u00f3 optimismo entre los ciudadanos.<\/p>\n<p>Agreg\u00f3 que la postergaci\u00f3n afectar\u00e1 a trabajadores locales que dependen del transporte diario entre ambas ciudades. El tren no solo era visto como un medio eficiente de transporte sino tambi\u00e9n como una soluci\u00f3n para combatir el cambio clim\u00e1tico. Sin embargo, Mundaca indic\u00f3 que se recibi\u00f3 esta noticia en un mal momento y en forma inadecuada: durante un punto de prensa donde la ministra de Obras P\u00fablicas, Jessica L\u00f3pez, comunic\u00f3 que la licitaci\u00f3n del tren quedaba para la pr\u00f3xima administraci\u00f3n.<\/p>\n<p>Este anuncio fue calificado por el gobernador como una falta de criterio y tino. La postergaci\u00f3n gener\u00f3 reacciones negativas tanto en opini\u00f3n p\u00fablica como entre autoridades regionales, quienes se\u00f1alaron que se tom\u00f3 una decisi\u00f3n unilateral sin explicar completamente las razones detr\u00e1s de la misma. Mundaca expres\u00f3 su preocupaci\u00f3n sobre el impacto econ\u00f3mico en los trabajadores y la afectaci\u00f3n a las expectativas generadas por el proyecto.<\/p>\n<p>En conclusi\u00f3n, el gobernador regional de Valpara\u00edso considera que este anuncio es un ejemplo claro de &#8220;dispararse en los pies&#8221; debido a la falta de comunicaci\u00f3n clara y al mal momento elegido para hacerlo.<\/p>\n","protected":false},"excerpt":{"rendered":"<p>El gobernador regional de Valpara\u00edso, Rodrigo Mundaca, critic\u00f3 severamente la decisi\u00f3n del Gobierno de posponer la licitaci\u00f3n para el tren Valpara\u00edso-Santiago hasta la pr\u00f3xima administraci\u00f3n, describi\u00e9ndola como &#8220;dispararse en los pies&#8221;. Este anuncio gener\u00f3 frustraci\u00f3n y desilusi\u00f3n entre la poblaci\u00f3n regional debido a las expectativas previamente creadas. Mundaca destac\u00f3 que durante mucho tiempo se hab\u00edan [&hellip;]<\/p>\n","protected":false},"author":2,"featured_media":17541,"comment_status":"closed","ping_status":"open","sticky":false,"template":"","format":"standard","meta":{"_jetpack_memberships_contains_paid_content":false,"jnews-multi-image_gallery":[],"jnews_single_post":[],"jnews_primary_category":[],"jnews_social_meta":[],"jnews_paywall_metabox":[],"jnews_review":[],"enable_review":"","type":"","name":"","summary":"","brand":"","sku":"","good":[],"bad":[],"score_override":"","override_value":"","rating":[],"price":[],"jnews_override_counter":[],"jnews_post_split":[],"footnotes":""},"categories":[21],"tags":[],"class_list":["post-17542","post","type-post","status-publish","format-standard","has-post-thumbnail","hentry","category-nacional"],"jetpack_featured_media_url":"https:\/\/laserenaradio.cl\/web\/wp-content\/uploads\/2025\/07\/homepiaiextractoscrapimg_predeterminadalaserenaradio_nacional-12.webp","jetpack_sharing_enabled":true,"_links":{"self":[{"href":"https:\/\/laserenaradio.cl\/web\/wp-json\/wp\/v2\/posts\/17542","targetHints":{"allow":["GET"]}}],"collection":[{"href":"https:\/\/laserenaradio.cl\/web\/wp-json\/wp\/v2\/posts"}],"about":[{"href":"https:\/\/laserenaradio.cl\/web\/wp-json\/wp\/v2\/types\/post"}],"author":[{"embeddable":true,"href":"https:\/\/laserenaradio.cl\/web\/wp-json\/wp\/v2\/users\/2"}],"replies":[{"embeddable":true,"href":"https:\/\/laserenaradio.cl\/web\/wp-json\/wp\/v2\/comments?post=17542"}],"version-history":[{"count":1,"href":"https:\/\/laserenaradio.cl\/web\/wp-json\/wp\/v2\/posts\/17542\/revisions"}],"predecessor-version":[{"id":17543,"href":"https:\/\/laserenaradio.cl\/web\/wp-json\/wp\/v2\/posts\/17542\/revisions\/17543"}],"wp:featuredmedia":[{"embeddable":true,"href":"https:\/\/laserenaradio.cl\/web\/wp-json\/wp\/v2\/media\/17541"}],"wp:attachment":[{"href":"https:\/\/laserenaradio.cl\/web\/wp-json\/wp\/v2\/media?parent=17542"}],"wp:term":[{"taxonomy":"category","embeddable":true,"href":"https:\/\/laserenaradio.cl\/web\/wp-json\/wp\/v2\/categories?post=17542"},{"taxonomy":"post_tag","embeddable":true,"href":"https:\/\/laserenaradio.cl\/web\/wp-json\/wp\/v2\/tags?post=17542"}],"curies":[{"name":"wp","href":"https:\/\/api.w.org\/{rel}","templated":true}]}}