{"id":17539,"date":"2025-07-10T21:45:02","date_gmt":"2025-07-11T00:45:02","guid":{"rendered":"https:\/\/laserenaradio.cl\/web\/?p=17539"},"modified":"2025-07-10T21:45:02","modified_gmt":"2025-07-11T00:45:02","slug":"detienen-a-cuatro-personas-por-golpiza-brutal-a-un-hombre-de-28-anos","status":"publish","type":"post","link":"https:\/\/laserenaradio.cl\/web\/2025\/07\/10\/detienen-a-cuatro-personas-por-golpiza-brutal-a-un-hombre-de-28-anos\/","title":{"rendered":"Detienen a cuatro personas por golpiza brutal a un hombre de 28 a\u00f1os."},"content":{"rendered":"<p>Un joven de 18 a\u00f1os, dos adolescentes de 16 a\u00f1os y un menor de 14 a\u00f1os fueron arrestados por personal de <a href=\"https:\/\/www.carabineros.cl\/\">Carabineros<\/a> en Nueva Imperial. Los cuatro individuos son sospechosos de una severa agresi\u00f3n a un hombre de 28 a\u00f1os ocurrida el pasado martes 8 de julio en calle Germ\u00e1n Riesco esquina San Pedro.<\/p>\n<p>Seg\u00fan el capit\u00e1n Jonathan Hantsch, comisario de la Cuarta Comisar\u00eda de <a href=\"https:\/\/www.carabineros.cl\/\">Carabineros<\/a> Nueva Imperial, la v\u00edctima fue brutalmente agredida mientras se encontraba con su pareja. El ataque dej\u00f3 a la persona herida con fractura de base de cr\u00e1neo, traumatismo intracraneal y otras lesiones en el cr\u00e1neo y cara, resultando en su ingreso al Hospital Intercultural de Nueva Imperial en estado cr\u00edtico.<\/p>\n<p>El detenido de 18 a\u00f1os no cuenta con antecedentes penales. Por otro lado, los dos adolescentes de 16 a\u00f1os tienen registros por tenencia ilegal y porte de arma de fuego, adem\u00e1s de robos de accesorios vehiculares. El menor de 14 a\u00f1os registr\u00f3 antecedentes penales por posesi\u00f3n de una arma blanca.<\/p>\n<p>Los cuatro implicados fueron llevados ante el Juzgado de Garant\u00eda de Nueva Imperial para la audiencia de control de detenci\u00f3n y formalizaci\u00f3n del caso, investigado bajo los cargos de homicidio frustrado.<\/p>\n","protected":false},"excerpt":{"rendered":"<p>Un joven de 18 a\u00f1os, dos adolescentes de 16 a\u00f1os y un menor de 14 a\u00f1os fueron arrestados por personal de Carabineros en Nueva Imperial. Los cuatro individuos son sospechosos de una severa agresi\u00f3n a un hombre de 28 a\u00f1os ocurrida el pasado martes 8 de julio en calle Germ\u00e1n Riesco esquina San Pedro. Seg\u00fan [&hellip;]<\/p>\n","protected":false},"author":2,"featured_media":17538,"comment_status":"closed","ping_status":"open","sticky":false,"template":"","format":"standard","meta":{"_jetpack_memberships_contains_paid_content":false,"jnews-multi-image_gallery":[],"jnews_single_post":[],"jnews_primary_category":[],"jnews_social_meta":[],"jnews_paywall_metabox":[],"jnews_review":[],"enable_review":"","type":"","name":"","summary":"","brand":"","sku":"","good":[],"bad":[],"score_override":"","override_value":"","rating":[],"price":[],"jnews_override_counter":[],"jnews_post_split":[],"footnotes":""},"categories":[21],"tags":[],"class_list":["post-17539","post","type-post","status-publish","format-standard","has-post-thumbnail","hentry","category-nacional"],"jetpack_featured_media_url":"https:\/\/laserenaradio.cl\/web\/wp-content\/uploads\/2025\/07\/homepiaiextractoscrapimg_webpDetienenNuevaImperial_0.webp","jetpack_sharing_enabled":true,"_links":{"self":[{"href":"https:\/\/laserenaradio.cl\/web\/wp-json\/wp\/v2\/posts\/17539","targetHints":{"allow":["GET"]}}],"collection":[{"href":"https:\/\/laserenaradio.cl\/web\/wp-json\/wp\/v2\/posts"}],"about":[{"href":"https:\/\/laserenaradio.cl\/web\/wp-json\/wp\/v2\/types\/post"}],"author":[{"embeddable":true,"href":"https:\/\/laserenaradio.cl\/web\/wp-json\/wp\/v2\/users\/2"}],"replies":[{"embeddable":true,"href":"https:\/\/laserenaradio.cl\/web\/wp-json\/wp\/v2\/comments?post=17539"}],"version-history":[{"count":1,"href":"https:\/\/laserenaradio.cl\/web\/wp-json\/wp\/v2\/posts\/17539\/revisions"}],"predecessor-version":[{"id":17540,"href":"https:\/\/laserenaradio.cl\/web\/wp-json\/wp\/v2\/posts\/17539\/revisions\/17540"}],"wp:featuredmedia":[{"embeddable":true,"href":"https:\/\/laserenaradio.cl\/web\/wp-json\/wp\/v2\/media\/17538"}],"wp:attachment":[{"href":"https:\/\/laserenaradio.cl\/web\/wp-json\/wp\/v2\/media?parent=17539"}],"wp:term":[{"taxonomy":"category","embeddable":true,"href":"https:\/\/laserenaradio.cl\/web\/wp-json\/wp\/v2\/categories?post=17539"},{"taxonomy":"post_tag","embeddable":true,"href":"https:\/\/laserenaradio.cl\/web\/wp-json\/wp\/v2\/tags?post=17539"}],"curies":[{"name":"wp","href":"https:\/\/api.w.org\/{rel}","templated":true}]}}