{"id":17524,"date":"2025-07-10T20:43:49","date_gmt":"2025-07-10T23:43:49","guid":{"rendered":"https:\/\/laserenaradio.cl\/web\/?p=17524"},"modified":"2025-07-10T20:43:49","modified_gmt":"2025-07-10T23:43:49","slug":"johnny-herrera-no-asistio-a-comida-de-seleccion-chilena","status":"publish","type":"post","link":"https:\/\/laserenaradio.cl\/web\/2025\/07\/10\/johnny-herrera-no-asistio-a-comida-de-seleccion-chilena\/","title":{"rendered":"Johnny Herrera no asisti\u00f3 a comida de selecci\u00f3n chilena."},"content":{"rendered":"<p>Johnny Herrera, ex arquero de la Selecci\u00f3n chilena, dio a conocer sus razones para no asistir a la comida celebrando los 10 a\u00f1os de la obtenci\u00f3n de la Copa Am\u00e9rica 2015. Este mi\u00e9rcoles, varios jugadores del plantel campe\u00f3n se reunieron en Santiago para conmemorar el hist\u00f3rico triunfo por penales ante Argentina.<\/p>\n<p>Entre los presentes estuvieron figuras como Jorge Valdivia, Claudio Bravo, Gonzalo Jara, Jean Beausejour, Jos\u00e9 Rojas, Gary Medel, Eugenio Mena, Arturo Vidal, Eduardo Vargas y Paulo Garc\u00e9s. Entre ellos, Johnny Herrera no particip\u00f3 de la cita.<\/p>\n<p>Herrera explic\u00f3 su ausencia a trav\u00e9s de TNT Sports: &#8220;Vengo llegando de Vi\u00f1a del Mar. Estaba muy cansado. Me fui a la casa, com\u00ed, descans\u00e9 un rato y luego me vine al canal&#8221;. Con respeto hacia la comida, prefiri\u00f3 pasar el momento con su hijo, quien est\u00e1 de vacaciones.<\/p>\n<p>Finalmente, Herrera agreg\u00f3: &#8220;Me hubiera gustado estar, pero no pude. Si cuando uno puede, obviamente que quiere estar. Andaba hasta con el traje en el auto, por si alcanzaba&#8221;.<\/p>\n","protected":false},"excerpt":{"rendered":"<p>Johnny Herrera, ex arquero de la Selecci\u00f3n chilena, dio a conocer sus razones para no asistir a la comida celebrando los 10 a\u00f1os de la obtenci\u00f3n de la Copa Am\u00e9rica 2015. Este mi\u00e9rcoles, varios jugadores del plantel campe\u00f3n se reunieron en Santiago para conmemorar el hist\u00f3rico triunfo por penales ante Argentina. Entre los presentes estuvieron [&hellip;]<\/p>\n","protected":false},"author":2,"featured_media":17523,"comment_status":"closed","ping_status":"open","sticky":false,"template":"","format":"standard","meta":{"_jetpack_memberships_contains_paid_content":false,"jnews-multi-image_gallery":[],"jnews_single_post":[],"jnews_primary_category":[],"jnews_social_meta":[],"jnews_paywall_metabox":[],"jnews_review":[],"enable_review":"","type":"","name":"","summary":"","brand":"","sku":"","good":[],"bad":[],"score_override":"","override_value":"","rating":[],"price":[],"jnews_override_counter":[],"jnews_post_split":[],"footnotes":""},"categories":[84],"tags":[],"class_list":["post-17524","post","type-post","status-publish","format-standard","has-post-thumbnail","hentry","category-deportes"],"jetpack_featured_media_url":"https:\/\/laserenaradio.cl\/web\/wp-content\/uploads\/2025\/07\/homepiaiextractoscrapimg_webpJohnnyHerreracomidachilenaHerrera_1.webp","jetpack_sharing_enabled":true,"_links":{"self":[{"href":"https:\/\/laserenaradio.cl\/web\/wp-json\/wp\/v2\/posts\/17524","targetHints":{"allow":["GET"]}}],"collection":[{"href":"https:\/\/laserenaradio.cl\/web\/wp-json\/wp\/v2\/posts"}],"about":[{"href":"https:\/\/laserenaradio.cl\/web\/wp-json\/wp\/v2\/types\/post"}],"author":[{"embeddable":true,"href":"https:\/\/laserenaradio.cl\/web\/wp-json\/wp\/v2\/users\/2"}],"replies":[{"embeddable":true,"href":"https:\/\/laserenaradio.cl\/web\/wp-json\/wp\/v2\/comments?post=17524"}],"version-history":[{"count":1,"href":"https:\/\/laserenaradio.cl\/web\/wp-json\/wp\/v2\/posts\/17524\/revisions"}],"predecessor-version":[{"id":17525,"href":"https:\/\/laserenaradio.cl\/web\/wp-json\/wp\/v2\/posts\/17524\/revisions\/17525"}],"wp:featuredmedia":[{"embeddable":true,"href":"https:\/\/laserenaradio.cl\/web\/wp-json\/wp\/v2\/media\/17523"}],"wp:attachment":[{"href":"https:\/\/laserenaradio.cl\/web\/wp-json\/wp\/v2\/media?parent=17524"}],"wp:term":[{"taxonomy":"category","embeddable":true,"href":"https:\/\/laserenaradio.cl\/web\/wp-json\/wp\/v2\/categories?post=17524"},{"taxonomy":"post_tag","embeddable":true,"href":"https:\/\/laserenaradio.cl\/web\/wp-json\/wp\/v2\/tags?post=17524"}],"curies":[{"name":"wp","href":"https:\/\/api.w.org\/{rel}","templated":true}]}}