{"id":1752,"date":"2023-09-20T18:40:20","date_gmt":"2023-09-20T21:40:20","guid":{"rendered":"https:\/\/laserenaradio.cl\/web\/?p=1752"},"modified":"2023-09-20T18:40:20","modified_gmt":"2023-09-20T21:40:20","slug":"corte-de-suministro-electrico-afecta-a-353-clientes-en-vicuna","status":"publish","type":"post","link":"https:\/\/laserenaradio.cl\/web\/2023\/09\/20\/corte-de-suministro-electrico-afecta-a-353-clientes-en-vicuna\/","title":{"rendered":"Corte de suministro el\u00e9ctrico afecta a 353 clientes en Vicu\u00f1a"},"content":{"rendered":"<p><strong>La informaci\u00f3n fue publicada por la empresa el\u00e9ctrica CGE.<\/strong><!--more--><\/p>\n<p>Desde la empresa el\u00e9ctrica <a href=\"https:\/\/www.cge.cl\/\" rel=\"nofollow\">CGE<\/a>, indican que un corte de suministro afecta a 353 clientes en la comuna de <strong>Vicu\u00f1a<\/strong>.<\/p>\n<p>Nuestro sistema autom\u00e1tico informa que el sector afectado por el corte de suministro corresponde a <strong>Pedro Moral Quemada, Poblaci\u00f3n Estaci\u00f3n, Vicu\u00f1a, Provincia de Elqui, Regi\u00f3n de Coquimbo, 1760000, Chile<\/strong>.<\/p>\n<h2>Causa de la alteraci\u00f3n de suministro<\/h2>\n<p>Desde la empresa el\u00e9ctrica indican que la falla se encuentra en <strong>investigaci\u00f3n<\/strong>.<\/p>\n<h3>Hora estimada de restablecimiento del servicio<\/h3>\n<p>Clientes afectados: 353 Restauraci\u00f3n estimada: 20\/09\/2023 20:30 hrs<\/p>\n","protected":false},"excerpt":{"rendered":"<p>La informaci\u00f3n fue publicada por la empresa el\u00e9ctrica CGE.<\/p>\n","protected":false},"author":2,"featured_media":1751,"comment_status":"closed","ping_status":"open","sticky":false,"template":"","format":"standard","meta":{"_jetpack_memberships_contains_paid_content":false,"jnews-multi-image_gallery":[],"jnews_single_post":[],"jnews_primary_category":[],"jnews_social_meta":[],"jnews_paywall_metabox":[],"jnews_review":[],"enable_review":"","type":"","name":"","summary":"","brand":"","sku":"","good":[],"bad":[],"score_override":"","override_value":"","rating":[],"price":[],"jnews_override_counter":[],"jnews_post_split":[],"footnotes":""},"categories":[7,5],"tags":[],"class_list":["post-1752","post","type-post","status-publish","format-standard","has-post-thumbnail","hentry","category-cge","category-ultimo-minuto"],"jetpack_featured_media_url":"https:\/\/laserenaradio.cl\/web\/wp-content\/uploads\/2023\/09\/corte_cge-125.webp","jetpack_sharing_enabled":true,"_links":{"self":[{"href":"https:\/\/laserenaradio.cl\/web\/wp-json\/wp\/v2\/posts\/1752","targetHints":{"allow":["GET"]}}],"collection":[{"href":"https:\/\/laserenaradio.cl\/web\/wp-json\/wp\/v2\/posts"}],"about":[{"href":"https:\/\/laserenaradio.cl\/web\/wp-json\/wp\/v2\/types\/post"}],"author":[{"embeddable":true,"href":"https:\/\/laserenaradio.cl\/web\/wp-json\/wp\/v2\/users\/2"}],"replies":[{"embeddable":true,"href":"https:\/\/laserenaradio.cl\/web\/wp-json\/wp\/v2\/comments?post=1752"}],"version-history":[{"count":1,"href":"https:\/\/laserenaradio.cl\/web\/wp-json\/wp\/v2\/posts\/1752\/revisions"}],"predecessor-version":[{"id":1753,"href":"https:\/\/laserenaradio.cl\/web\/wp-json\/wp\/v2\/posts\/1752\/revisions\/1753"}],"wp:featuredmedia":[{"embeddable":true,"href":"https:\/\/laserenaradio.cl\/web\/wp-json\/wp\/v2\/media\/1751"}],"wp:attachment":[{"href":"https:\/\/laserenaradio.cl\/web\/wp-json\/wp\/v2\/media?parent=1752"}],"wp:term":[{"taxonomy":"category","embeddable":true,"href":"https:\/\/laserenaradio.cl\/web\/wp-json\/wp\/v2\/categories?post=1752"},{"taxonomy":"post_tag","embeddable":true,"href":"https:\/\/laserenaradio.cl\/web\/wp-json\/wp\/v2\/tags?post=1752"}],"curies":[{"name":"wp","href":"https:\/\/api.w.org\/{rel}","templated":true}]}}