{"id":17518,"date":"2025-07-10T20:35:21","date_gmt":"2025-07-10T23:35:21","guid":{"rendered":"https:\/\/laserenaradio.cl\/web\/?p=17518"},"modified":"2025-07-10T20:35:21","modified_gmt":"2025-07-10T23:35:21","slug":"esteban-pavez-el-superclasico-puede-ser-un-salvavidas-para-colo-colo","status":"publish","type":"post","link":"https:\/\/laserenaradio.cl\/web\/2025\/07\/10\/esteban-pavez-el-superclasico-puede-ser-un-salvavidas-para-colo-colo\/","title":{"rendered":"Esteban Pavez: El Supercl\u00e1sico puede ser un salvavidas para Colo Colo."},"content":{"rendered":"<p>Esteban Pavez, volante y capit\u00e1n de Colo Colo, enfatiz\u00f3 la importancia del Supercl\u00e1sico ante Universidad de Chile en medio de la mala temporada albos. En la conferencia previa, Pavez afirm\u00f3 que &#8220;importa m\u00e1s&#8221; ganar el choque contra el archirrival que un t\u00edtulo. El capit\u00e1n manifest\u00f3: &#8220;Es un partido que la gente quiere ganarlo. A veces importa m\u00e1s ganar el cl\u00e1sico que un t\u00edtulo. Saldremos con todo desde el primer minuto, porque queremos darle una alegr\u00eda a la gente&#8221;.<\/p>\n<p>Adem\u00e1s, Pavez a\u00f1adi\u00f3: &#8220;Y queremos ganar por nosotros tambi\u00e9n, porque el grupo se lo merece. El grupo es sano, sigue estando unido y nos merecemos una gran alegr\u00eda&#8221;. En la misma l\u00ednea, insisti\u00f3 que &#8220;nosotros no pensamos en perder el fin de semana. Desde el lunes pensamos en ganar, sabemos que es un partido importante para nosotros y la gente&#8221;.<\/p>\n<p>Pavez tambi\u00e9n respald\u00f3 al t\u00e9cnico Jorge Almir\u00f3n: &#8220;Ha sido duro lo que ha pasado con \u00e9l y nosotros, pero el equipo est\u00e1 unido y la \u00fanica forma de demostrarlo es ganando&#8221;. A\u00f1adi\u00f3: &#8220;Sabemos que cuando el equipo est\u00e1 mal o no hace buen f\u00fatbol se corta por el t\u00e9cnico, pero si es por eso o rendimientos, habr\u00eda que tomar otras decisiones pero yo no me puedo meter m\u00e1s all\u00e1&#8221;.<\/p>\n<p>Colo Colo visitar\u00e1 a Universidad de Chile en el Estadio Nacional el s\u00e1bado 12 de julio a partir de las 15:00 horas para disputar la Liga de Primera.<\/p>\n","protected":false},"excerpt":{"rendered":"<p>Esteban Pavez, volante y capit\u00e1n de Colo Colo, enfatiz\u00f3 la importancia del Supercl\u00e1sico ante Universidad de Chile en medio de la mala temporada albos. En la conferencia previa, Pavez afirm\u00f3 que &#8220;importa m\u00e1s&#8221; ganar el choque contra el archirrival que un t\u00edtulo. El capit\u00e1n manifest\u00f3: &#8220;Es un partido que la gente quiere ganarlo. A veces [&hellip;]<\/p>\n","protected":false},"author":2,"featured_media":17517,"comment_status":"closed","ping_status":"open","sticky":false,"template":"","format":"standard","meta":{"_jetpack_memberships_contains_paid_content":false,"jnews-multi-image_gallery":[],"jnews_single_post":[],"jnews_primary_category":[],"jnews_social_meta":[],"jnews_paywall_metabox":[],"jnews_review":[],"enable_review":"","type":"","name":"","summary":"","brand":"","sku":"","good":[],"bad":[],"score_override":"","override_value":"","rating":[],"price":[],"jnews_override_counter":[],"jnews_post_split":[],"footnotes":""},"categories":[84],"tags":[],"class_list":["post-17518","post","type-post","status-publish","format-standard","has-post-thumbnail","hentry","category-deportes"],"jetpack_featured_media_url":"https:\/\/laserenaradio.cl\/web\/wp-content\/uploads\/2025\/07\/homepiaiextractoscrapimg_webpganarnosotrosColoColoPavez_1.webp","jetpack_sharing_enabled":true,"_links":{"self":[{"href":"https:\/\/laserenaradio.cl\/web\/wp-json\/wp\/v2\/posts\/17518","targetHints":{"allow":["GET"]}}],"collection":[{"href":"https:\/\/laserenaradio.cl\/web\/wp-json\/wp\/v2\/posts"}],"about":[{"href":"https:\/\/laserenaradio.cl\/web\/wp-json\/wp\/v2\/types\/post"}],"author":[{"embeddable":true,"href":"https:\/\/laserenaradio.cl\/web\/wp-json\/wp\/v2\/users\/2"}],"replies":[{"embeddable":true,"href":"https:\/\/laserenaradio.cl\/web\/wp-json\/wp\/v2\/comments?post=17518"}],"version-history":[{"count":1,"href":"https:\/\/laserenaradio.cl\/web\/wp-json\/wp\/v2\/posts\/17518\/revisions"}],"predecessor-version":[{"id":17519,"href":"https:\/\/laserenaradio.cl\/web\/wp-json\/wp\/v2\/posts\/17518\/revisions\/17519"}],"wp:featuredmedia":[{"embeddable":true,"href":"https:\/\/laserenaradio.cl\/web\/wp-json\/wp\/v2\/media\/17517"}],"wp:attachment":[{"href":"https:\/\/laserenaradio.cl\/web\/wp-json\/wp\/v2\/media?parent=17518"}],"wp:term":[{"taxonomy":"category","embeddable":true,"href":"https:\/\/laserenaradio.cl\/web\/wp-json\/wp\/v2\/categories?post=17518"},{"taxonomy":"post_tag","embeddable":true,"href":"https:\/\/laserenaradio.cl\/web\/wp-json\/wp\/v2\/tags?post=17518"}],"curies":[{"name":"wp","href":"https:\/\/api.w.org\/{rel}","templated":true}]}}