{"id":17515,"date":"2025-07-10T20:34:13","date_gmt":"2025-07-10T23:34:13","guid":{"rendered":"https:\/\/laserenaradio.cl\/web\/?p=17515"},"modified":"2025-07-10T20:34:13","modified_gmt":"2025-07-10T23:34:13","slug":"narcotrafico-dentro-de-las-fuerzas-armadas-de-chile","status":"publish","type":"post","link":"https:\/\/laserenaradio.cl\/web\/2025\/07\/10\/narcotrafico-dentro-de-las-fuerzas-armadas-de-chile\/","title":{"rendered":"Narcotr\u00e1fico dentro de las Fuerzas Armadas de Chile."},"content":{"rendered":"<p>Casos de narcotr\u00e1fico al interior de las Fuerzas Armadas dejan al descubierto graves situaciones, como seis suboficiales detenidos con 192 kilos de droga valuada en $3 mil millones, y funcionarios de la FACh intentando transportar ketamina en un vuelo. Adem\u00e1s, se hall\u00f3 pasta base en una base militar en Colchane, llevando a que la <a href=\"https:\/\/www.pdichile.cl\/\">PDI<\/a> realice registros in\u00e9ditos.<\/p>\n<p>Expertos destacan la peligrosa intrusi\u00f3n del narcotr\u00e1fico en instituciones del Estado. \u00bfCu\u00e1nta droga ingresaron?, \u00bfqui\u00e9n pone la plata?, \u00bfpara qu\u00e9 m\u00e1s les pagan?, \u00bfestamos preparados para combatir el crimen organizado? Estas son algunas de las inc\u00f3gnitas que han dejado los diferentes casos vinculados al narcotr\u00e1fico al interior de las Fuerzas Armadas.<\/p>\n<p>Cabe mencionar que el primer caso que se inform\u00f3 tiene relaci\u00f3n con seis suboficiales de la Segunda Brigada Acorazada de Cazadores de Pozo Almonte detenidos por el OS7 de <a href=\"https:\/\/www.carabineros.cl\/\">Carabineros<\/a>, luego de ser sorprendidos transportando 192 kilos de coca\u00edna y pasta base, todo avaluado en $3 mil millones.<\/p>\n<p>D\u00edas despu\u00e9s, se supo que no s\u00f3lo hab\u00eda \u201cnarcomilitares\u201d, sino tambi\u00e9n \u201cnarcoaviadores\u201d. Y es que cinco funcionarios de la I\u00aa Brigada A\u00e9rea de la FACh en Iquique fueron atrapados intentando mover ketamina en un vuelo institucional desde Iquique a Santiago.<\/p>\n<p>Pero eso no es todo, ya que, este jueves, se conoci\u00f3 que se encontr\u00f3 pasta base al interior de un recinto militar en Colchane. De esta manera, la situaci\u00f3n ser\u00eda de tal gravedad en las FF.AA. que, esta misma jornada, se desarroll\u00f3 una medida in\u00e9dita: se orden\u00f3 a la Polic\u00eda de Investigaciones (<a href=\"https:\/\/www.pdichile.cl\/\">PDI<\/a>) realizar entradas y registro a bases militares desde Arica a Antofagasta.<\/p>\n<p>Por otra parte, estos casos tambi\u00e9n dan cuenta, seg\u00fan mencionan distintos expertos en seguridad, de la delgada l\u00ednea que existe entre el crimen organizado y las instituciones del Estado. Sin embargo, la irrupci\u00f3n del narcotr\u00e1fico en las Fuerzas Armadas supone una preocupaci\u00f3n a\u00fan mayor.<\/p>\n<p>Si bien es peligroso que las bandas criminales permeen en diferentes poderos del Estado, un paso mayor es que lo hagan en las instituciones de orden y seguridad. De hecho, esto ya ha ocurrido en otros pa\u00edses de Centroam\u00e9rica, por ejemplo, dejando escenarios que ha sido replicados, incluso, en series de televisi\u00f3n de pago.<\/p>\n<p>Tambi\u00e9n, los \u201cnarcomilitares\u201d y \u201cnarcoaviadores\u201d dan cuenta de organizaciones criminales grandes, ya que son miles de millones de d\u00f3lares los que se mueven en este tipo de operaciones. As\u00ed las cosas, surgen las interrogantes antes mencionadas: \u00bfCu\u00e1nta droga ingresaron?, \u00bfqui\u00e9n pone la plata?, \u00bfpara qu\u00e9 m\u00e1s les pagan?, \u00bfc\u00f3mo est\u00e1 la seguridad interna del pa\u00eds?, \u00bfestamos preparados para combatir el crimen organizado?<\/p>\n","protected":false},"excerpt":{"rendered":"<p>Casos de narcotr\u00e1fico al interior de las Fuerzas Armadas dejan al descubierto graves situaciones, como seis suboficiales detenidos con 192 kilos de droga valuada en $3 mil millones, y funcionarios de la FACh intentando transportar ketamina en un vuelo. Adem\u00e1s, se hall\u00f3 pasta base en una base militar en Colchane, llevando a que la PDI [&hellip;]<\/p>\n","protected":false},"author":2,"featured_media":17514,"comment_status":"closed","ping_status":"open","sticky":false,"template":"","format":"standard","meta":{"_jetpack_memberships_contains_paid_content":false,"jnews-multi-image_gallery":[],"jnews_single_post":[],"jnews_primary_category":[],"jnews_social_meta":[],"jnews_paywall_metabox":[],"jnews_review":[],"enable_review":"","type":"","name":"","summary":"","brand":"","sku":"","good":[],"bad":[],"score_override":"","override_value":"","rating":[],"price":[],"jnews_override_counter":[],"jnews_post_split":[],"footnotes":""},"categories":[21],"tags":[],"class_list":["post-17515","post","type-post","status-publish","format-standard","has-post-thumbnail","hentry","category-nacional"],"jetpack_featured_media_url":"https:\/\/laserenaradio.cl\/web\/wp-content\/uploads\/2025\/07\/homepiaiextractoscrapimg_webpFuerzasArmadasbaseinteriordroga_0.webp","jetpack_sharing_enabled":true,"_links":{"self":[{"href":"https:\/\/laserenaradio.cl\/web\/wp-json\/wp\/v2\/posts\/17515","targetHints":{"allow":["GET"]}}],"collection":[{"href":"https:\/\/laserenaradio.cl\/web\/wp-json\/wp\/v2\/posts"}],"about":[{"href":"https:\/\/laserenaradio.cl\/web\/wp-json\/wp\/v2\/types\/post"}],"author":[{"embeddable":true,"href":"https:\/\/laserenaradio.cl\/web\/wp-json\/wp\/v2\/users\/2"}],"replies":[{"embeddable":true,"href":"https:\/\/laserenaradio.cl\/web\/wp-json\/wp\/v2\/comments?post=17515"}],"version-history":[{"count":1,"href":"https:\/\/laserenaradio.cl\/web\/wp-json\/wp\/v2\/posts\/17515\/revisions"}],"predecessor-version":[{"id":17516,"href":"https:\/\/laserenaradio.cl\/web\/wp-json\/wp\/v2\/posts\/17515\/revisions\/17516"}],"wp:featuredmedia":[{"embeddable":true,"href":"https:\/\/laserenaradio.cl\/web\/wp-json\/wp\/v2\/media\/17514"}],"wp:attachment":[{"href":"https:\/\/laserenaradio.cl\/web\/wp-json\/wp\/v2\/media?parent=17515"}],"wp:term":[{"taxonomy":"category","embeddable":true,"href":"https:\/\/laserenaradio.cl\/web\/wp-json\/wp\/v2\/categories?post=17515"},{"taxonomy":"post_tag","embeddable":true,"href":"https:\/\/laserenaradio.cl\/web\/wp-json\/wp\/v2\/tags?post=17515"}],"curies":[{"name":"wp","href":"https:\/\/api.w.org\/{rel}","templated":true}]}}