{"id":17503,"date":"2025-07-08T21:27:11","date_gmt":"2025-07-09T00:27:11","guid":{"rendered":"https:\/\/laserenaradio.cl\/web\/?p=17503"},"modified":"2025-07-08T21:27:11","modified_gmt":"2025-07-09T00:27:11","slug":"karina-prida-valenzuela-15-anos-de-prision-o-perpetuo","status":"publish","type":"post","link":"https:\/\/laserenaradio.cl\/web\/2025\/07\/08\/karina-prida-valenzuela-15-anos-de-prision-o-perpetuo\/","title":{"rendered":"Karina Prida Valenzuela: 15 a\u00f1os de prisi\u00f3n o perpetuo"},"content":{"rendered":"<p>Luego de que se decretara la prisi\u00f3n preventiva contra Karina Prida Valenzuela, imputada por el delito de parricidio contra su mam\u00e1 en Recoleta, la <a href=\"https:\/\/www.fiscaliadechile.cl\/\">Fiscal\u00eda<\/a> inform\u00f3 que la acusada arriesga desde 15 a\u00f1os y un d\u00eda hasta la pena m\u00e1xima del C\u00f3digo Penal, es decir, presidio perpetuo calificado. <\/p>\n<p>Tras la audiencia de formalizaci\u00f3n de la imputada por el crimen de Rosa Valenzuela, adulta mayor de 70 a\u00f1os hallada muerta dentro de una maleta enterrada en el patio de su casa, la fiscal Patricia Varas, de la <a href=\"https:\/\/www.fiscaliadechile.cl\/\">Fiscal\u00eda<\/a> de G\u00e9nero y Violencia Intrafamiliar, entreg\u00f3 declaraciones una vez decretada la medida cautelar m\u00e1s gravosa.<\/p>\n<p>En este caso, la pena va de presidio mayor en su grado m\u00e1ximo, que son 15 a\u00f1os y un d\u00eda hasta presidio perpetuo calificado; es la pena m\u00e1xima que establece el C\u00f3digo Penal para los delitos m\u00e1s graves. Y en este caso eventualmente, si se llegara a lograr una condena grave, podr\u00edan ser hasta 40 a\u00f1os, digamos, la pena que se le podr\u00eda llegar a imponer&#8221;, se\u00f1al\u00f3 la fiscal Varas.<\/p>\n<p>La persecutora manifest\u00f3 que en la audiencia se expusieron antecedentes para acreditar la existencia de un delito y la presunta participaci\u00f3n de la imputada. Esto se seguir\u00e1 investigando en el plazo de investigaci\u00f3n de 120 d\u00edas.<\/p>\n<p>Cabe se\u00f1alar que la fiscal Varas indic\u00f3 que, sobre el antecedente de un incendio ocurrido en 2024, donde la acusada habr\u00eda intentado anteriormente asesinar a su madre. Este no fue considerado por la magistrada del caso para decretar la prisi\u00f3n preventiva.<\/p>\n<p>Actualmente, solo existe un preinforme de la autopsia. Tambi\u00e9n falta revisar el set fotogr\u00e1fico del sitio del suceso y de la maleta hallada enterrada en el patio de la vivienda de la v\u00edctima, con ella en su interior.<\/p>\n<p>La abogada defensora, Jacqueline Stubing, asegur\u00f3 que su representada estuvo en la comisar\u00eda antes de su detenci\u00f3n. &#8220;Eso, a juicio nuestro, es irregular&#8221;, declar\u00f3.<\/p>\n<p>Si bien se decret\u00f3 la legalidad de la detenci\u00f3n, esto no se acaba ac\u00e1, en esta primera discusi\u00f3n. En el futuro tambi\u00e9n se puede levantar esta hip\u00f3tesis de ilegalidad y empezar a hacer estrategia respecto de lo que manifiesta mi representada, que no tiene participaci\u00f3n en estos hechos y que hay que investigar a otras personas, que obviamente la investigaci\u00f3n tiene que arrojar&#8221;, sostuvo la abogada.<\/p>\n<p>En cuanto a una eventual apelaci\u00f3n, Stubing respondi\u00f3 que se analizar\u00eda. &#8220;Formalmente, nosotros estamos verificando distintas hip\u00f3tesis, incluso participaci\u00f3n de terceros que no fueran ella y que, obviamente, alguien pueda sindicarle a ella derechamente, pero eso es circunstancial&#8221;, expres\u00f3 la defensa de la acusada de matar a su mam\u00e1.<\/p>\n","protected":false},"excerpt":{"rendered":"<p>Luego de que se decretara la prisi\u00f3n preventiva contra Karina Prida Valenzuela, imputada por el delito de parricidio contra su mam\u00e1 en Recoleta, la Fiscal\u00eda inform\u00f3 que la acusada arriesga desde 15 a\u00f1os y un d\u00eda hasta la pena m\u00e1xima del C\u00f3digo Penal, es decir, presidio perpetuo calificado. Tras la audiencia de formalizaci\u00f3n de la [&hellip;]<\/p>\n","protected":false},"author":2,"featured_media":17502,"comment_status":"closed","ping_status":"open","sticky":false,"template":"","format":"standard","meta":{"_jetpack_memberships_contains_paid_content":false,"jnews-multi-image_gallery":[],"jnews_single_post":[],"jnews_primary_category":[],"jnews_social_meta":[],"jnews_paywall_metabox":[],"jnews_review":[],"enable_review":"","type":"","name":"","summary":"","brand":"","sku":"","good":[],"bad":[],"score_override":"","override_value":"","rating":[],"price":[],"jnews_override_counter":[],"jnews_post_split":[],"footnotes":""},"categories":[21],"tags":[],"class_list":["post-17503","post","type-post","status-publish","format-standard","has-post-thumbnail","hentry","category-nacional"],"jetpack_featured_media_url":"https:\/\/laserenaradio.cl\/web\/wp-content\/uploads\/2025\/07\/homepiaiextractoscrapimg_webppenaimputadaacusadapresidio_1.webp","jetpack_sharing_enabled":true,"_links":{"self":[{"href":"https:\/\/laserenaradio.cl\/web\/wp-json\/wp\/v2\/posts\/17503","targetHints":{"allow":["GET"]}}],"collection":[{"href":"https:\/\/laserenaradio.cl\/web\/wp-json\/wp\/v2\/posts"}],"about":[{"href":"https:\/\/laserenaradio.cl\/web\/wp-json\/wp\/v2\/types\/post"}],"author":[{"embeddable":true,"href":"https:\/\/laserenaradio.cl\/web\/wp-json\/wp\/v2\/users\/2"}],"replies":[{"embeddable":true,"href":"https:\/\/laserenaradio.cl\/web\/wp-json\/wp\/v2\/comments?post=17503"}],"version-history":[{"count":1,"href":"https:\/\/laserenaradio.cl\/web\/wp-json\/wp\/v2\/posts\/17503\/revisions"}],"predecessor-version":[{"id":17504,"href":"https:\/\/laserenaradio.cl\/web\/wp-json\/wp\/v2\/posts\/17503\/revisions\/17504"}],"wp:featuredmedia":[{"embeddable":true,"href":"https:\/\/laserenaradio.cl\/web\/wp-json\/wp\/v2\/media\/17502"}],"wp:attachment":[{"href":"https:\/\/laserenaradio.cl\/web\/wp-json\/wp\/v2\/media?parent=17503"}],"wp:term":[{"taxonomy":"category","embeddable":true,"href":"https:\/\/laserenaradio.cl\/web\/wp-json\/wp\/v2\/categories?post=17503"},{"taxonomy":"post_tag","embeddable":true,"href":"https:\/\/laserenaradio.cl\/web\/wp-json\/wp\/v2\/tags?post=17503"}],"curies":[{"name":"wp","href":"https:\/\/api.w.org\/{rel}","templated":true}]}}