{"id":17500,"date":"2025-07-08T21:24:19","date_gmt":"2025-07-09T00:24:19","guid":{"rendered":"https:\/\/laserenaradio.cl\/web\/?p=17500"},"modified":"2025-07-08T21:24:19","modified_gmt":"2025-07-09T00:24:19","slug":"codelco-aranceles-impuestos-por-trump-afectaran-principalmente-a-estados-unidos","status":"publish","type":"post","link":"https:\/\/laserenaradio.cl\/web\/2025\/07\/08\/codelco-aranceles-impuestos-por-trump-afectaran-principalmente-a-estados-unidos\/","title":{"rendered":"Codelco: &#8220;Aranceles&#8221; impuestos por Trump afectar\u00e1n principalmente a Estados Unidos."},"content":{"rendered":"<p>El presidente del directorio de Coldelco, M\u00e1ximo Pacheco, pronostic\u00f3 que los aranceles impuestos por Estados Unidos afectar\u00e1n principalmente al pa\u00eds debido a la necesidad persistente de cobre.<\/p>\n<p>En declaraciones a Pulso, Pacheco indic\u00f3 que a\u00fan es prematuro determinar el impacto exacto en Chile. &#8220;\u00bfEsto va a tener excepciones? \u00bfAplicar\u00e1 a todos los productos de cobre o solo a algunos? \u00bfAfectar\u00e1 tambi\u00e9n a los c\u00e1todos que Chile produce y exporta?&#8221;, se pregunt\u00f3.<\/p>\n<p>El ejecutivo tambi\u00e9n consider\u00f3 la posibilidad de un r\u00e9gimen de excepciones. &#8220;Chile provee 500,000 toneladas de las 700,000 que importa Estados Unidos&#8221;, explic\u00f3 Pacheco. &#8220;Estados Unidos necesita mucho cobre y seguir\u00e1 necesit\u00e1ndolo&#8221;.<\/p>\n<p>En caso de una tarifa del 50%, el efecto inmediato ser\u00eda que los productos fabricados con cobre en EE.UU., como autom\u00f3viles, equipos de aire acondicionado y otros electr\u00f3nicos, se har\u00edan m\u00e1s caros.<\/p>\n<p>El cobre, principal exportaci\u00f3n chilena, actualmente est\u00e1 exento de tarifas en el marco de la guerra comercial impulsada por Trump. A pesar de esto, Chile enfrenta aranceles rec\u00edprocos del 10%.<\/p>\n<p>Coldelco, que contribuye con casi el 10% de la producci\u00f3n mundial de cobre y emplea a cerca de 62,000 personas, se encuentra entre las mineras chilenas que explotan este metal. La miner\u00eda representa aproximadamente un 15% del PIB en el pa\u00eds.<\/p>\n<p>La empresa, nacionalizada en 1971, mantiene una cartera valorada en US$40,000 millones y produce alrededor de seis millones de toneladas anuales de cobre.<\/p>\n","protected":false},"excerpt":{"rendered":"<p>El presidente del directorio de Coldelco, M\u00e1ximo Pacheco, pronostic\u00f3 que los aranceles impuestos por Estados Unidos afectar\u00e1n principalmente al pa\u00eds debido a la necesidad persistente de cobre. En declaraciones a Pulso, Pacheco indic\u00f3 que a\u00fan es prematuro determinar el impacto exacto en Chile. &#8220;\u00bfEsto va a tener excepciones? \u00bfAplicar\u00e1 a todos los productos de cobre [&hellip;]<\/p>\n","protected":false},"author":2,"featured_media":17499,"comment_status":"closed","ping_status":"open","sticky":false,"template":"","format":"standard","meta":{"_jetpack_memberships_contains_paid_content":false,"jnews-multi-image_gallery":[],"jnews_single_post":[],"jnews_primary_category":[],"jnews_social_meta":[],"jnews_paywall_metabox":[],"jnews_review":[],"enable_review":"","type":"","name":"","summary":"","brand":"","sku":"","good":[],"bad":[],"score_override":"","override_value":"","rating":[],"price":[],"jnews_override_counter":[],"jnews_post_split":[],"footnotes":""},"categories":[85],"tags":[],"class_list":["post-17500","post","type-post","status-publish","format-standard","has-post-thumbnail","hentry","category-economia"],"jetpack_featured_media_url":"https:\/\/laserenaradio.cl\/web\/wp-content\/uploads\/2025\/07\/homepiaiextractoscrapimg_webpcobreEstadosUnidosChilePacheco_0.webp","jetpack_sharing_enabled":true,"_links":{"self":[{"href":"https:\/\/laserenaradio.cl\/web\/wp-json\/wp\/v2\/posts\/17500","targetHints":{"allow":["GET"]}}],"collection":[{"href":"https:\/\/laserenaradio.cl\/web\/wp-json\/wp\/v2\/posts"}],"about":[{"href":"https:\/\/laserenaradio.cl\/web\/wp-json\/wp\/v2\/types\/post"}],"author":[{"embeddable":true,"href":"https:\/\/laserenaradio.cl\/web\/wp-json\/wp\/v2\/users\/2"}],"replies":[{"embeddable":true,"href":"https:\/\/laserenaradio.cl\/web\/wp-json\/wp\/v2\/comments?post=17500"}],"version-history":[{"count":1,"href":"https:\/\/laserenaradio.cl\/web\/wp-json\/wp\/v2\/posts\/17500\/revisions"}],"predecessor-version":[{"id":17501,"href":"https:\/\/laserenaradio.cl\/web\/wp-json\/wp\/v2\/posts\/17500\/revisions\/17501"}],"wp:featuredmedia":[{"embeddable":true,"href":"https:\/\/laserenaradio.cl\/web\/wp-json\/wp\/v2\/media\/17499"}],"wp:attachment":[{"href":"https:\/\/laserenaradio.cl\/web\/wp-json\/wp\/v2\/media?parent=17500"}],"wp:term":[{"taxonomy":"category","embeddable":true,"href":"https:\/\/laserenaradio.cl\/web\/wp-json\/wp\/v2\/categories?post=17500"},{"taxonomy":"post_tag","embeddable":true,"href":"https:\/\/laserenaradio.cl\/web\/wp-json\/wp\/v2\/tags?post=17500"}],"curies":[{"name":"wp","href":"https:\/\/api.w.org\/{rel}","templated":true}]}}