{"id":17497,"date":"2025-07-08T21:21:20","date_gmt":"2025-07-09T00:21:20","guid":{"rendered":"https:\/\/laserenaradio.cl\/web\/?p=17497"},"modified":"2025-07-08T21:21:20","modified_gmt":"2025-07-09T00:21:20","slug":"colo-colo-rechazo-partido-ante-valladolid-por-seguridad","status":"publish","type":"post","link":"https:\/\/laserenaradio.cl\/web\/2025\/07\/08\/colo-colo-rechazo-partido-ante-valladolid-por-seguridad\/","title":{"rendered":"Colo Colo rechaz\u00f3 partido ante Valladolid por seguridad."},"content":{"rendered":"<p>Colo Colo experiment\u00f3 un nuevo contratiempo en su centenario al no disputar el partido amistoso contra Valladolid en Concepci\u00f3n. La Delegaci\u00f3n Presidencial decidi\u00f3 rechazar la visita debido a preocupaciones sobre seguridad para los asistentes y residentes cercanos al estadio Ester Roa Rebolledo.<\/p>\n","protected":false},"excerpt":{"rendered":"<p>Colo Colo experiment\u00f3 un nuevo contratiempo en su centenario al no disputar el partido amistoso contra Valladolid en Concepci\u00f3n. La Delegaci\u00f3n Presidencial decidi\u00f3 rechazar la visita debido a preocupaciones sobre seguridad para los asistentes y residentes cercanos al estadio Ester Roa Rebolledo.<\/p>\n","protected":false},"author":2,"featured_media":17496,"comment_status":"closed","ping_status":"open","sticky":false,"template":"","format":"standard","meta":{"_jetpack_memberships_contains_paid_content":false,"jnews-multi-image_gallery":[],"jnews_single_post":[],"jnews_primary_category":[],"jnews_social_meta":[],"jnews_paywall_metabox":[],"jnews_review":[],"enable_review":"","type":"","name":"","summary":"","brand":"","sku":"","good":[],"bad":[],"score_override":"","override_value":"","rating":[],"price":[],"jnews_override_counter":[],"jnews_post_split":[],"footnotes":""},"categories":[84],"tags":[],"class_list":["post-17497","post","type-post","status-publish","format-standard","has-post-thumbnail","hentry","category-deportes"],"jetpack_featured_media_url":"https:\/\/laserenaradio.cl\/web\/wp-content\/uploads\/2025\/07\/homepiaiextractoscrapimg_webpColoColopartidoValladolidseguridad_0.webp","jetpack_sharing_enabled":true,"_links":{"self":[{"href":"https:\/\/laserenaradio.cl\/web\/wp-json\/wp\/v2\/posts\/17497","targetHints":{"allow":["GET"]}}],"collection":[{"href":"https:\/\/laserenaradio.cl\/web\/wp-json\/wp\/v2\/posts"}],"about":[{"href":"https:\/\/laserenaradio.cl\/web\/wp-json\/wp\/v2\/types\/post"}],"author":[{"embeddable":true,"href":"https:\/\/laserenaradio.cl\/web\/wp-json\/wp\/v2\/users\/2"}],"replies":[{"embeddable":true,"href":"https:\/\/laserenaradio.cl\/web\/wp-json\/wp\/v2\/comments?post=17497"}],"version-history":[{"count":1,"href":"https:\/\/laserenaradio.cl\/web\/wp-json\/wp\/v2\/posts\/17497\/revisions"}],"predecessor-version":[{"id":17498,"href":"https:\/\/laserenaradio.cl\/web\/wp-json\/wp\/v2\/posts\/17497\/revisions\/17498"}],"wp:featuredmedia":[{"embeddable":true,"href":"https:\/\/laserenaradio.cl\/web\/wp-json\/wp\/v2\/media\/17496"}],"wp:attachment":[{"href":"https:\/\/laserenaradio.cl\/web\/wp-json\/wp\/v2\/media?parent=17497"}],"wp:term":[{"taxonomy":"category","embeddable":true,"href":"https:\/\/laserenaradio.cl\/web\/wp-json\/wp\/v2\/categories?post=17497"},{"taxonomy":"post_tag","embeddable":true,"href":"https:\/\/laserenaradio.cl\/web\/wp-json\/wp\/v2\/tags?post=17497"}],"curies":[{"name":"wp","href":"https:\/\/api.w.org\/{rel}","templated":true}]}}