{"id":17494,"date":"2025-07-08T21:19:58","date_gmt":"2025-07-09T00:19:58","guid":{"rendered":"https:\/\/laserenaradio.cl\/web\/?p=17494"},"modified":"2025-07-08T21:19:58","modified_gmt":"2025-07-09T00:19:58","slug":"donald-trump-anuncia-aranceles-del-10-al-grupo-brics","status":"publish","type":"post","link":"https:\/\/laserenaradio.cl\/web\/2025\/07\/08\/donald-trump-anuncia-aranceles-del-10-al-grupo-brics\/","title":{"rendered":"Donald Trump anuncia aranceles del 10% al grupo Brics"},"content":{"rendered":"<p>El presidente de Estados Unidos, Donald Trump, anunci\u00f3 que se aplicar\u00e1 un arancel del 10% a los pa\u00edses miembros del Brics muy pronto. Esta medida fue calificada por el presidente brasile\u00f1o, Luiz Inacio Lula da Silva, como una queja en la reciente cumbre del grupo.<\/p>\n<p>Trump hab\u00eda mencionado la amenaza arancelaria el domingo y asegur\u00f3 durante una reuni\u00f3n de gabinete en la Casa Blanca: &#8220;Cualquiera que est\u00e9 en el Brics recibir\u00e1 un arancel del 10% muy pronto&#8230; Si son miembros del Brics, tendr\u00e1n que pagar un arancel del 10%&#8230; y no ser\u00e1n miembros por mucho tiempo&#8221;. El grupo Brics incluye a Brasil, Rusia, India, China y Sud\u00e1frica.<\/p>\n<p>Los l\u00edderes en la cumbre de R\u00edo de Janeiro expresaron cr\u00edticas indirectas a las pol\u00edticas comerciales de Estados Unidos. En Brasilia, Lula afirm\u00f3: &#8220;No aceptaremos ninguna queja sobre la cumbre de los Brics. No estamos de acuerdo con que el presidente de Estados Unidos insin\u00fae que va a poner aranceles a los pa\u00edses del Brics&#8221;.<\/p>\n<p>El lunes, Trump no especific\u00f3 una fecha para la entrada en vigor del arancel, mientras que una fuente cercana a su administraci\u00f3n indic\u00f3 que se aplicar\u00eda solo si los pa\u00edses adoptaban pol\u00edticas antiestadounidenses. El martes, el presidente estadounidense afirm\u00f3 sin pruebas que el Brics fue creado para degradar el d\u00f3lar y eliminarlo como moneda de referencia mundial.<\/p>\n<p>Brasil hab\u00eda rechazado en febrero la posibilidad de una agenda para moneda com\u00fan durante su a\u00f1o de presidencia.<\/p>\n","protected":false},"excerpt":{"rendered":"<p>El presidente de Estados Unidos, Donald Trump, anunci\u00f3 que se aplicar\u00e1 un arancel del 10% a los pa\u00edses miembros del Brics muy pronto. Esta medida fue calificada por el presidente brasile\u00f1o, Luiz Inacio Lula da Silva, como una queja en la reciente cumbre del grupo. Trump hab\u00eda mencionado la amenaza arancelaria el domingo y asegur\u00f3 [&hellip;]<\/p>\n","protected":false},"author":2,"featured_media":17493,"comment_status":"closed","ping_status":"open","sticky":false,"template":"","format":"standard","meta":{"_jetpack_memberships_contains_paid_content":false,"jnews-multi-image_gallery":[],"jnews_single_post":[],"jnews_primary_category":[],"jnews_social_meta":[],"jnews_paywall_metabox":[],"jnews_review":[],"enable_review":"","type":"","name":"","summary":"","brand":"","sku":"","good":[],"bad":[],"score_override":"","override_value":"","rating":[],"price":[],"jnews_override_counter":[],"jnews_post_split":[],"footnotes":""},"categories":[85],"tags":[],"class_list":["post-17494","post","type-post","status-publish","format-standard","has-post-thumbnail","hentry","category-economia"],"jetpack_featured_media_url":"https:\/\/laserenaradio.cl\/web\/wp-content\/uploads\/2025\/07\/homepiaiextractoscrapimg_webpBricspresidentearancelEstadosUnidos_0.webp","jetpack_sharing_enabled":true,"_links":{"self":[{"href":"https:\/\/laserenaradio.cl\/web\/wp-json\/wp\/v2\/posts\/17494","targetHints":{"allow":["GET"]}}],"collection":[{"href":"https:\/\/laserenaradio.cl\/web\/wp-json\/wp\/v2\/posts"}],"about":[{"href":"https:\/\/laserenaradio.cl\/web\/wp-json\/wp\/v2\/types\/post"}],"author":[{"embeddable":true,"href":"https:\/\/laserenaradio.cl\/web\/wp-json\/wp\/v2\/users\/2"}],"replies":[{"embeddable":true,"href":"https:\/\/laserenaradio.cl\/web\/wp-json\/wp\/v2\/comments?post=17494"}],"version-history":[{"count":1,"href":"https:\/\/laserenaradio.cl\/web\/wp-json\/wp\/v2\/posts\/17494\/revisions"}],"predecessor-version":[{"id":17495,"href":"https:\/\/laserenaradio.cl\/web\/wp-json\/wp\/v2\/posts\/17494\/revisions\/17495"}],"wp:featuredmedia":[{"embeddable":true,"href":"https:\/\/laserenaradio.cl\/web\/wp-json\/wp\/v2\/media\/17493"}],"wp:attachment":[{"href":"https:\/\/laserenaradio.cl\/web\/wp-json\/wp\/v2\/media?parent=17494"}],"wp:term":[{"taxonomy":"category","embeddable":true,"href":"https:\/\/laserenaradio.cl\/web\/wp-json\/wp\/v2\/categories?post=17494"},{"taxonomy":"post_tag","embeddable":true,"href":"https:\/\/laserenaradio.cl\/web\/wp-json\/wp\/v2\/tags?post=17494"}],"curies":[{"name":"wp","href":"https:\/\/api.w.org\/{rel}","templated":true}]}}