{"id":17485,"date":"2025-07-08T17:18:08","date_gmt":"2025-07-08T20:18:08","guid":{"rendered":"https:\/\/laserenaradio.cl\/web\/?p=17485"},"modified":"2025-07-08T17:18:08","modified_gmt":"2025-07-08T20:18:08","slug":"encuesta-mayoria-de-chilenos-cree-que-politicas-de-trump-afectaran-negativamente-a-la-economia-local","status":"publish","type":"post","link":"https:\/\/laserenaradio.cl\/web\/2025\/07\/08\/encuesta-mayoria-de-chilenos-cree-que-politicas-de-trump-afectaran-negativamente-a-la-economia-local\/","title":{"rendered":"Encuesta: mayor\u00eda de chilenos cree que pol\u00edticas de Trump afectar\u00e1n negativamente a la econom\u00eda local."},"content":{"rendered":"<p>Una reciente encuesta de Ipsos revela que el 52% de los chilenos cree que las medidas econ\u00f3micas de Donald Trump afectar\u00e1n negativamente la econom\u00eda local. Incluso un 58% anticipa que estas pol\u00edticas tendr\u00e1n un efecto negativo o muy negativo en la econom\u00eda global, aline\u00e1ndose con el promedio global del 61%. Dos de cada cinco chilenos (39%) perciben que la administraci\u00f3n Trump afectar\u00e1 su situaci\u00f3n econ\u00f3mica personal.<\/p>\n<p>Nicol\u00e1s Fritis, CEO de Ipsos en Chile, coment\u00f3: \u201cA pesar de que Trump echara pie atr\u00e1s al reducir y suspender muchos de los aranceles inicialmente anunciados, una mayor\u00eda en el mundo y Chile cree que sus pol\u00edticas econ\u00f3micas tendr\u00e1n un efecto negativo en la econom\u00eda mundial\u201d. \u201cLo cierto es que, m\u00e1s all\u00e1 del impacto real que hayan causado estas amenazas en los diferentes mercados, es un aviso de lo impredecible que es el actual mandatario, y eso tambi\u00e9n es percibido como una mala se\u00f1al\u201d, sostuvo.<\/p>\n<p>La investigaci\u00f3n se enmarc\u00f3 en una indagatoria de mayor escala, cuyos resultados fueron presentados en el informe \u201cActitudes globales hacia las pol\u00edticas econ\u00f3micas del presidente Trump\u201d, en el que se recogi\u00f3 la opini\u00f3n de m\u00e1s de 22 mil personas en 29 pa\u00edses.<\/p>\n<p>Fritis acot\u00f3 sobre los resultados recogidos en Am\u00e9rica Latina: \u201cLa valoraci\u00f3n algo m\u00e1s positiva en nuestra regi\u00f3n est\u00e1 empujada principalmente por Argentina, lo que podr\u00eda relacionarse con la afinidad que ha mostrado el presidente Millei hacia Trump. Por el contrario, los encuestados de M\u00e9xico y Colombia son quienes tienen una visi\u00f3n m\u00e1s negativa\u201d.<\/p>\n","protected":false},"excerpt":{"rendered":"<p>Una reciente encuesta de Ipsos revela que el 52% de los chilenos cree que las medidas econ\u00f3micas de Donald Trump afectar\u00e1n negativamente la econom\u00eda local. Incluso un 58% anticipa que estas pol\u00edticas tendr\u00e1n un efecto negativo o muy negativo en la econom\u00eda global, aline\u00e1ndose con el promedio global del 61%. Dos de cada cinco chilenos [&hellip;]<\/p>\n","protected":false},"author":2,"featured_media":17484,"comment_status":"closed","ping_status":"open","sticky":false,"template":"","format":"standard","meta":{"_jetpack_memberships_contains_paid_content":false,"jnews-multi-image_gallery":[],"jnews_single_post":[],"jnews_primary_category":[],"jnews_social_meta":[],"jnews_paywall_metabox":[],"jnews_review":[],"enable_review":"","type":"","name":"","summary":"","brand":"","sku":"","good":[],"bad":[],"score_override":"","override_value":"","rating":[],"price":[],"jnews_override_counter":[],"jnews_post_split":[],"footnotes":""},"categories":[85],"tags":[],"class_list":["post-17485","post","type-post","status-publish","format-standard","has-post-thumbnail","hentry","category-economia"],"jetpack_featured_media_url":"https:\/\/laserenaradio.cl\/web\/wp-content\/uploads\/2025\/07\/homepiaiextractoscrapimg_webpTrumpchilenoscreenegativo_0.webp","jetpack_sharing_enabled":true,"_links":{"self":[{"href":"https:\/\/laserenaradio.cl\/web\/wp-json\/wp\/v2\/posts\/17485","targetHints":{"allow":["GET"]}}],"collection":[{"href":"https:\/\/laserenaradio.cl\/web\/wp-json\/wp\/v2\/posts"}],"about":[{"href":"https:\/\/laserenaradio.cl\/web\/wp-json\/wp\/v2\/types\/post"}],"author":[{"embeddable":true,"href":"https:\/\/laserenaradio.cl\/web\/wp-json\/wp\/v2\/users\/2"}],"replies":[{"embeddable":true,"href":"https:\/\/laserenaradio.cl\/web\/wp-json\/wp\/v2\/comments?post=17485"}],"version-history":[{"count":1,"href":"https:\/\/laserenaradio.cl\/web\/wp-json\/wp\/v2\/posts\/17485\/revisions"}],"predecessor-version":[{"id":17486,"href":"https:\/\/laserenaradio.cl\/web\/wp-json\/wp\/v2\/posts\/17485\/revisions\/17486"}],"wp:featuredmedia":[{"embeddable":true,"href":"https:\/\/laserenaradio.cl\/web\/wp-json\/wp\/v2\/media\/17484"}],"wp:attachment":[{"href":"https:\/\/laserenaradio.cl\/web\/wp-json\/wp\/v2\/media?parent=17485"}],"wp:term":[{"taxonomy":"category","embeddable":true,"href":"https:\/\/laserenaradio.cl\/web\/wp-json\/wp\/v2\/categories?post=17485"},{"taxonomy":"post_tag","embeddable":true,"href":"https:\/\/laserenaradio.cl\/web\/wp-json\/wp\/v2\/tags?post=17485"}],"curies":[{"name":"wp","href":"https:\/\/api.w.org\/{rel}","templated":true}]}}