{"id":17470,"date":"2025-07-08T13:49:27","date_gmt":"2025-07-08T16:49:27","guid":{"rendered":"https:\/\/laserenaradio.cl\/web\/?p=17470"},"modified":"2025-07-08T13:49:27","modified_gmt":"2025-07-08T16:49:27","slug":"medidas-de-seguridad-despues-de-casos-de-narcotrafico-en-las-fuerzas-armadas","status":"publish","type":"post","link":"https:\/\/laserenaradio.cl\/web\/2025\/07\/08\/medidas-de-seguridad-despues-de-casos-de-narcotrafico-en-las-fuerzas-armadas\/","title":{"rendered":"Medidas de seguridad despu\u00e9s de casos de narcotr\u00e1fico en las Fuerzas Armadas."},"content":{"rendered":"<p>La jornada de este lunes, el Presidente de la Rep\u00fablica, Gabriel Boric, se reuni\u00f3 con los comandantes en jefe de las tres ramas de las Fuerzas Armadas. Durante la reuni\u00f3n, se discutieron casos de narcotr\u00e1fico que han afectado a la Fuerza A\u00e9rea y el Ej\u00e9rcito.<\/p>\n<p>Posteriormente, la ministra de Defensa, Adriana Delpiano, anunci\u00f3 una serie de medidas para abordar el problema. &#8220;Se van a aumentar las medidas de control para que esto no permee, y no pase lo que ha pasado en otros pa\u00edses. Queremos que realmente esto se detenga y que se castigue en forma ejemplar a las personas que han traicionado su juramento de defender a Chile&#8221;, asegur\u00f3.<\/p>\n<p>Entre las medidas propuestas, la secretaria de Estado mencion\u00f3 el reforzamiento de controles internos, aumentar la inteligencia y contrainteligencia, y aumentar el n\u00famero de oficiales en el norte del pa\u00eds. Tambi\u00e9n se planea rotar al personal de dicha zona para mejorar la vigilancia.<\/p>\n<p>Adem\u00e1s, una medida muy interesante es que en los aeropuertos, donde la Fuerza A\u00e9rea usa parte del espacio para sus aviones, ahora todo lo que es el control de los aviones que salgan con personal o carga pasar\u00e1 por los mismos controles que los aviones comerciales, a trav\u00e9s del sistema del aeropuerto.<\/p>\n<p>La ministra tambi\u00e9n dijo que se buscar\u00e1 incorporar algunas medidas legislativas. Entre ellas, permitir a las Fuerzas Armadas contar con la informaci\u00f3n que le pueda proporcionar <a href=\"https:\/\/www.carabineros.cl\/\">Carabineros<\/a> y la <a href=\"https:\/\/www.pdichile.cl\/\">PDI<\/a> sobre las personas que se est\u00e1n contratando o ingresando por el Servicio Militar.<\/p>\n<p>Adem\u00e1s, se buscar\u00eda ampliar el n\u00famero de personas que tienen que hacer declaraci\u00f3n de intereses para poder ver c\u00f3mo enriquecimientos il\u00edcitos pueden producirse incluso en personas con una graduaci\u00f3n m\u00e1s baja y un salario menor.<\/p>\n<p>&#8220;Entonces, es el conjunto de medidas las que nos debieran dar la seguridad de que estamos haciendo todo lo posible para que esto se quede en grupos espec\u00edficos y no se extienda a m\u00e1s ciudadanos, a m\u00e1s uniformados, porque eso es debilitar la institucionalidad del pa\u00eds&#8221;, concluy\u00f3 Delpiano.<\/p>\n","protected":false},"excerpt":{"rendered":"<p>La jornada de este lunes, el Presidente de la Rep\u00fablica, Gabriel Boric, se reuni\u00f3 con los comandantes en jefe de las tres ramas de las Fuerzas Armadas. Durante la reuni\u00f3n, se discutieron casos de narcotr\u00e1fico que han afectado a la Fuerza A\u00e9rea y el Ej\u00e9rcito. Posteriormente, la ministra de Defensa, Adriana Delpiano, anunci\u00f3 una serie [&hellip;]<\/p>\n","protected":false},"author":2,"featured_media":17469,"comment_status":"closed","ping_status":"open","sticky":false,"template":"","format":"standard","meta":{"_jetpack_memberships_contains_paid_content":false,"jnews-multi-image_gallery":[],"jnews_single_post":[],"jnews_primary_category":[],"jnews_social_meta":[],"jnews_paywall_metabox":[],"jnews_review":[],"enable_review":"","type":"","name":"","summary":"","brand":"","sku":"","good":[],"bad":[],"score_override":"","override_value":"","rating":[],"price":[],"jnews_override_counter":[],"jnews_post_split":[],"footnotes":""},"categories":[21],"tags":[],"class_list":["post-17470","post","type-post","status-publish","format-standard","has-post-thumbnail","hentry","category-nacional"],"jetpack_featured_media_url":"https:\/\/laserenaradio.cl\/web\/wp-content\/uploads\/2025\/07\/homepiaiextractoscrapimg_webpmedidaspersonasFuerzasArmadasaumentar_1.webp","jetpack_sharing_enabled":true,"_links":{"self":[{"href":"https:\/\/laserenaradio.cl\/web\/wp-json\/wp\/v2\/posts\/17470","targetHints":{"allow":["GET"]}}],"collection":[{"href":"https:\/\/laserenaradio.cl\/web\/wp-json\/wp\/v2\/posts"}],"about":[{"href":"https:\/\/laserenaradio.cl\/web\/wp-json\/wp\/v2\/types\/post"}],"author":[{"embeddable":true,"href":"https:\/\/laserenaradio.cl\/web\/wp-json\/wp\/v2\/users\/2"}],"replies":[{"embeddable":true,"href":"https:\/\/laserenaradio.cl\/web\/wp-json\/wp\/v2\/comments?post=17470"}],"version-history":[{"count":1,"href":"https:\/\/laserenaradio.cl\/web\/wp-json\/wp\/v2\/posts\/17470\/revisions"}],"predecessor-version":[{"id":17471,"href":"https:\/\/laserenaradio.cl\/web\/wp-json\/wp\/v2\/posts\/17470\/revisions\/17471"}],"wp:featuredmedia":[{"embeddable":true,"href":"https:\/\/laserenaradio.cl\/web\/wp-json\/wp\/v2\/media\/17469"}],"wp:attachment":[{"href":"https:\/\/laserenaradio.cl\/web\/wp-json\/wp\/v2\/media?parent=17470"}],"wp:term":[{"taxonomy":"category","embeddable":true,"href":"https:\/\/laserenaradio.cl\/web\/wp-json\/wp\/v2\/categories?post=17470"},{"taxonomy":"post_tag","embeddable":true,"href":"https:\/\/laserenaradio.cl\/web\/wp-json\/wp\/v2\/tags?post=17470"}],"curies":[{"name":"wp","href":"https:\/\/api.w.org\/{rel}","templated":true}]}}