{"id":17467,"date":"2025-07-08T13:47:11","date_gmt":"2025-07-08T16:47:11","guid":{"rendered":"https:\/\/laserenaradio.cl\/web\/?p=17467"},"modified":"2025-07-08T13:47:11","modified_gmt":"2025-07-08T16:47:11","slug":"el-valor-de-la-unidad-de-fomento-uf-bajara-157","status":"publish","type":"post","link":"https:\/\/laserenaradio.cl\/web\/2025\/07\/08\/el-valor-de-la-unidad-de-fomento-uf-bajara-157\/","title":{"rendered":"El valor de la Unidad de Fomento (UF) bajar\u00e1 $157."},"content":{"rendered":"<p>Ante el \u00cdndice de Precios al Consumidor (IPC) de junio -que anot\u00f3 una variaci\u00f3n mensual de -0,4%, acumulando 1,9% en lo que va del a\u00f1o y de 4,1% a doce meses- el valor de la Unidad de Fomento (UF) bajar\u00e1 $157. La \u00faltima vez que el IPC hab\u00eda mostrado una variaci\u00f3n negativa fue en diciembre de 2024.<\/p>\n<p>Conforme al Banco Central, la UF actualmente tiene un valor de $39.288. Tras la variaci\u00f3n negativa del IPC de 0,4%, bajar\u00e1 a $39.131 a partir de ma\u00f1ana. La UF representa la reajustabilidad del peso, de acuerdo con la inflaci\u00f3n: sus ajustes dependen directamente del IPC (en palabras simples, su valor en pesos se recalcula cada mes en funci\u00f3n del IPC).<\/p>\n<p>La UF es una unidad de valor reajustable de amplio uso en el sistema financiero y crediticio chileno, de manera tal que muchos de los compromisos que adquiere una persona se expresan con esta f\u00f3rmula (cr\u00e9ditos, dep\u00f3sitos a plazo, seguros, planes de salud, entre otros).<\/p>\n<p>El mes pasado, en la canasta de productos b\u00e1sicos destacaron la baja de productos como los tomates (14,7%), carne de vacuno(2,2%) y limones (27,3%); a la vez que el pan mostr\u00f3 un alza en su precio (2,4%).<\/p>\n<p>Por divisiones, en \u201calimentos y bebidas no alcoh\u00f3licas\u201d, otras las disminuciones m\u00e1s importantes fueron hortalizas, legumbres y tub\u00e9rculos (-4,6%); y frutas y frutos secos (-3,5%).<\/p>\n<p>En la divisi\u00f3n \u201cvestuario y calzado\u201d bajaron el vestuario (-5,8%), calzado (-7,3%), zapatillas para hombre (-8,2%) y zapatillas para mujer (-9,5%).<\/p>\n<p>En contraparte, la divisi\u00f3n \u201csalud\u201d registr\u00f3 aumentos en cuatro de sus siete clases. Las m\u00e1s importantes fueron medicamentos (1,2%), servicios dentales (1,9%); y medicamentos para el sistema genito-urinario y hormonas (5,7%).<\/p>\n","protected":false},"excerpt":{"rendered":"<p>Ante el \u00cdndice de Precios al Consumidor (IPC) de junio -que anot\u00f3 una variaci\u00f3n mensual de -0,4%, acumulando 1,9% en lo que va del a\u00f1o y de 4,1% a doce meses- el valor de la Unidad de Fomento (UF) bajar\u00e1 $157. La \u00faltima vez que el IPC hab\u00eda mostrado una variaci\u00f3n negativa fue en diciembre [&hellip;]<\/p>\n","protected":false},"author":2,"featured_media":17466,"comment_status":"closed","ping_status":"open","sticky":false,"template":"","format":"standard","meta":{"_jetpack_memberships_contains_paid_content":false,"jnews-multi-image_gallery":[],"jnews_single_post":[],"jnews_primary_category":[],"jnews_social_meta":[],"jnews_paywall_metabox":[],"jnews_review":[],"enable_review":"","type":"","name":"","summary":"","brand":"","sku":"","good":[],"bad":[],"score_override":"","override_value":"","rating":[],"price":[],"jnews_override_counter":[],"jnews_post_split":[],"footnotes":""},"categories":[85],"tags":[],"class_list":["post-17467","post","type-post","status-publish","format-standard","has-post-thumbnail","hentry","category-economia"],"jetpack_featured_media_url":"https:\/\/laserenaradio.cl\/web\/wp-content\/uploads\/2025\/07\/homepiaiextractoscrapimg_predeterminadalaserenaradio_ultimo_minuto-1.webp","jetpack_sharing_enabled":true,"_links":{"self":[{"href":"https:\/\/laserenaradio.cl\/web\/wp-json\/wp\/v2\/posts\/17467","targetHints":{"allow":["GET"]}}],"collection":[{"href":"https:\/\/laserenaradio.cl\/web\/wp-json\/wp\/v2\/posts"}],"about":[{"href":"https:\/\/laserenaradio.cl\/web\/wp-json\/wp\/v2\/types\/post"}],"author":[{"embeddable":true,"href":"https:\/\/laserenaradio.cl\/web\/wp-json\/wp\/v2\/users\/2"}],"replies":[{"embeddable":true,"href":"https:\/\/laserenaradio.cl\/web\/wp-json\/wp\/v2\/comments?post=17467"}],"version-history":[{"count":1,"href":"https:\/\/laserenaradio.cl\/web\/wp-json\/wp\/v2\/posts\/17467\/revisions"}],"predecessor-version":[{"id":17468,"href":"https:\/\/laserenaradio.cl\/web\/wp-json\/wp\/v2\/posts\/17467\/revisions\/17468"}],"wp:featuredmedia":[{"embeddable":true,"href":"https:\/\/laserenaradio.cl\/web\/wp-json\/wp\/v2\/media\/17466"}],"wp:attachment":[{"href":"https:\/\/laserenaradio.cl\/web\/wp-json\/wp\/v2\/media?parent=17467"}],"wp:term":[{"taxonomy":"category","embeddable":true,"href":"https:\/\/laserenaradio.cl\/web\/wp-json\/wp\/v2\/categories?post=17467"},{"taxonomy":"post_tag","embeddable":true,"href":"https:\/\/laserenaradio.cl\/web\/wp-json\/wp\/v2\/tags?post=17467"}],"curies":[{"name":"wp","href":"https:\/\/api.w.org\/{rel}","templated":true}]}}