{"id":17464,"date":"2025-07-08T13:45:57","date_gmt":"2025-07-08T16:45:57","guid":{"rendered":"https:\/\/laserenaradio.cl\/web\/?p=17464"},"modified":"2025-07-08T13:45:57","modified_gmt":"2025-07-08T16:45:57","slug":"martin-de-los-santos-lehmann-sigue-detenido-en-brasil","status":"publish","type":"post","link":"https:\/\/laserenaradio.cl\/web\/2025\/07\/08\/martin-de-los-santos-lehmann-sigue-detenido-en-brasil\/","title":{"rendered":"Mart\u00edn de Los Santos Lehmann sigue detenido en Brasil"},"content":{"rendered":"<p>Mart\u00edn de Los Santos Lehmann permanece detenido en Cuiab\u00e1, Brasil. Seg\u00fan Diogo Souza, corresponsal en Brasil, el centro penitenciario donde se encuentra actualmente es la Penitenciar\u00eda Ahmenon Lemos Dantas, ubicada en Mato Grosso. Este hecho ha trascendido debido a que de Los Santos est\u00e1 aislado y su comportamiento ha sido motivo de preocupaci\u00f3n para las autoridades.<\/p>\n<p>Souza inform\u00f3 que el detenido arrib\u00f3 al penal el pasado jueves y que durante la \u00faltima jornada, se han conocido detalles sobre sus acciones. De Los Santos habr\u00eda insultado a los polic\u00edas federales brasile\u00f1os, argumentando que era abogado y conoc\u00eda sus derechos. Sin embargo, mostr\u00f3 un comportamiento muy descontrolado.<\/p>\n<p>Los polic\u00edas penales del centro indicaron que Mart\u00edn de Los Santos se encuentra psicol\u00f3gicamente muy inestable. Est\u00e1 alojado en una celda separada debido a su estabilidad mental, grita y pide socorro e incluso ayuda psicol\u00f3gica. Este estado de inestabilidad ha llevado a las autoridades a no permitir que se encuentre junto con otros reos.<\/p>\n<p>A pesar de la situaci\u00f3n, De Los Santos a\u00fan no cuenta con un abogado ni ha recibido visitas mientras cumple una medida cautelar de prisi\u00f3n preventiva. Esta orden fue dictada en Chile el 23 de junio por el 4\u00b0 Juzgado de Garant\u00eda. La Corte de Apelaciones de Santiago ha dado luz verde a la solicitud de extradici\u00f3n del imputado, presentada por el Ministerio P\u00fablico.<\/p>\n<p>El proceso seguir\u00e1 avanzando con relaci\u00f3n al delito consumado de lesiones graves, en calidad de autor del mismo. El tribunal de alzada orden\u00f3 oficiar al <a href=\"http:\/\/www.minrel.gob.cl\/\">Ministerio de Relaciones Exteriores<\/a> para solicitar la detenci\u00f3n previa del imputado mientras se tramita la extradici\u00f3n concedida.<\/p>\n","protected":false},"excerpt":{"rendered":"<p>Mart\u00edn de Los Santos Lehmann permanece detenido en Cuiab\u00e1, Brasil. Seg\u00fan Diogo Souza, corresponsal en Brasil, el centro penitenciario donde se encuentra actualmente es la Penitenciar\u00eda Ahmenon Lemos Dantas, ubicada en Mato Grosso. Este hecho ha trascendido debido a que de Los Santos est\u00e1 aislado y su comportamiento ha sido motivo de preocupaci\u00f3n para las [&hellip;]<\/p>\n","protected":false},"author":2,"featured_media":17463,"comment_status":"closed","ping_status":"open","sticky":false,"template":"","format":"standard","meta":{"_jetpack_memberships_contains_paid_content":false,"jnews-multi-image_gallery":[],"jnews_single_post":[],"jnews_primary_category":[],"jnews_social_meta":[],"jnews_paywall_metabox":[],"jnews_review":[],"enable_review":"","type":"","name":"","summary":"","brand":"","sku":"","good":[],"bad":[],"score_override":"","override_value":"","rating":[],"price":[],"jnews_override_counter":[],"jnews_post_split":[],"footnotes":""},"categories":[21],"tags":[],"class_list":["post-17464","post","type-post","status-publish","format-standard","has-post-thumbnail","hentry","category-nacional"],"jetpack_featured_media_url":"https:\/\/laserenaradio.cl\/web\/wp-content\/uploads\/2025\/07\/homepiaiextractoscrapimg_webpdetenidoBrasilcentroencuentra_1.webp","jetpack_sharing_enabled":true,"_links":{"self":[{"href":"https:\/\/laserenaradio.cl\/web\/wp-json\/wp\/v2\/posts\/17464","targetHints":{"allow":["GET"]}}],"collection":[{"href":"https:\/\/laserenaradio.cl\/web\/wp-json\/wp\/v2\/posts"}],"about":[{"href":"https:\/\/laserenaradio.cl\/web\/wp-json\/wp\/v2\/types\/post"}],"author":[{"embeddable":true,"href":"https:\/\/laserenaradio.cl\/web\/wp-json\/wp\/v2\/users\/2"}],"replies":[{"embeddable":true,"href":"https:\/\/laserenaradio.cl\/web\/wp-json\/wp\/v2\/comments?post=17464"}],"version-history":[{"count":1,"href":"https:\/\/laserenaradio.cl\/web\/wp-json\/wp\/v2\/posts\/17464\/revisions"}],"predecessor-version":[{"id":17465,"href":"https:\/\/laserenaradio.cl\/web\/wp-json\/wp\/v2\/posts\/17464\/revisions\/17465"}],"wp:featuredmedia":[{"embeddable":true,"href":"https:\/\/laserenaradio.cl\/web\/wp-json\/wp\/v2\/media\/17463"}],"wp:attachment":[{"href":"https:\/\/laserenaradio.cl\/web\/wp-json\/wp\/v2\/media?parent=17464"}],"wp:term":[{"taxonomy":"category","embeddable":true,"href":"https:\/\/laserenaradio.cl\/web\/wp-json\/wp\/v2\/categories?post=17464"},{"taxonomy":"post_tag","embeddable":true,"href":"https:\/\/laserenaradio.cl\/web\/wp-json\/wp\/v2\/tags?post=17464"}],"curies":[{"name":"wp","href":"https:\/\/api.w.org\/{rel}","templated":true}]}}