{"id":17461,"date":"2025-07-08T12:29:50","date_gmt":"2025-07-08T15:29:50","guid":{"rendered":"https:\/\/laserenaradio.cl\/web\/?p=17461"},"modified":"2025-07-08T12:29:50","modified_gmt":"2025-07-08T15:29:50","slug":"gobierno-ampliara-subsidio-electrico-a-hogares-vulnerables","status":"publish","type":"post","link":"https:\/\/laserenaradio.cl\/web\/2025\/07\/08\/gobierno-ampliara-subsidio-electrico-a-hogares-vulnerables\/","title":{"rendered":"Gobierno ampliar\u00e1 subsidio el\u00e9ctrico a hogares vulnerables."},"content":{"rendered":"<p>Luis Felipe Ramos, subsecretario de Energ\u00eda, confirm\u00f3 que el Gobierno eval\u00faa ampliar el subsidio el\u00e9ctrico a familias vulnerables. Este anuncio surge tras la alza del 7% registrada en las cuentas de electricidad en julio, preocupando especialmente a hogares m\u00e1s vulnerables.<\/p>\n<p>Las tarifas el\u00e9ctricas se hab\u00edan congelado desde 2019, lo que no reflej\u00f3 el costo real del servicio. En 2024 comenz\u00f3 un proceso gradual de descongelamiento, generando la actual subida tarifaria. El subsidio el\u00e9ctrico fue vital para mitigar este impacto en sectores m\u00e1s afectados.<\/p>\n<p>Para ampliar el beneficio a familias que superen el 40% de vulnerabilidad en el Registro Social de Hogares, Ramos asegur\u00f3: &#8220;Estamos trabajando para incluir a quienes m\u00e1s lo necesitan&#8221;. El proceso de postulaci\u00f3n permanece abierto hasta mediados de julio.<\/p>\n<p>El subsidio no es un descuento mensual. Funciona como una rebaja \u00fanica seg\u00fan la fecha de facturaci\u00f3n de su empresa o cooperativa el\u00e9ctrica. Si cubre por completo la cuenta y sobra dinero, este ser\u00e1 descontado en el siguiente mes hasta que se use por completo.<\/p>\n","protected":false},"excerpt":{"rendered":"<p>Luis Felipe Ramos, subsecretario de Energ\u00eda, confirm\u00f3 que el Gobierno eval\u00faa ampliar el subsidio el\u00e9ctrico a familias vulnerables. Este anuncio surge tras la alza del 7% registrada en las cuentas de electricidad en julio, preocupando especialmente a hogares m\u00e1s vulnerables. Las tarifas el\u00e9ctricas se hab\u00edan congelado desde 2019, lo que no reflej\u00f3 el costo real [&hellip;]<\/p>\n","protected":false},"author":2,"featured_media":17460,"comment_status":"closed","ping_status":"open","sticky":false,"template":"","format":"standard","meta":{"_jetpack_memberships_contains_paid_content":false,"jnews-multi-image_gallery":[],"jnews_single_post":[],"jnews_primary_category":[],"jnews_social_meta":[],"jnews_paywall_metabox":[],"jnews_review":[],"enable_review":"","type":"","name":"","summary":"","brand":"","sku":"","good":[],"bad":[],"score_override":"","override_value":"","rating":[],"price":[],"jnews_override_counter":[],"jnews_post_split":[],"footnotes":""},"categories":[21],"tags":[],"class_list":["post-17461","post","type-post","status-publish","format-standard","has-post-thumbnail","hentry","category-nacional"],"jetpack_featured_media_url":"https:\/\/laserenaradio.cl\/web\/wp-content\/uploads\/2025\/07\/homepiaiextractoscrapimg_webpGobiernosubsidio_1.webp","jetpack_sharing_enabled":true,"_links":{"self":[{"href":"https:\/\/laserenaradio.cl\/web\/wp-json\/wp\/v2\/posts\/17461","targetHints":{"allow":["GET"]}}],"collection":[{"href":"https:\/\/laserenaradio.cl\/web\/wp-json\/wp\/v2\/posts"}],"about":[{"href":"https:\/\/laserenaradio.cl\/web\/wp-json\/wp\/v2\/types\/post"}],"author":[{"embeddable":true,"href":"https:\/\/laserenaradio.cl\/web\/wp-json\/wp\/v2\/users\/2"}],"replies":[{"embeddable":true,"href":"https:\/\/laserenaradio.cl\/web\/wp-json\/wp\/v2\/comments?post=17461"}],"version-history":[{"count":1,"href":"https:\/\/laserenaradio.cl\/web\/wp-json\/wp\/v2\/posts\/17461\/revisions"}],"predecessor-version":[{"id":17462,"href":"https:\/\/laserenaradio.cl\/web\/wp-json\/wp\/v2\/posts\/17461\/revisions\/17462"}],"wp:featuredmedia":[{"embeddable":true,"href":"https:\/\/laserenaradio.cl\/web\/wp-json\/wp\/v2\/media\/17460"}],"wp:attachment":[{"href":"https:\/\/laserenaradio.cl\/web\/wp-json\/wp\/v2\/media?parent=17461"}],"wp:term":[{"taxonomy":"category","embeddable":true,"href":"https:\/\/laserenaradio.cl\/web\/wp-json\/wp\/v2\/categories?post=17461"},{"taxonomy":"post_tag","embeddable":true,"href":"https:\/\/laserenaradio.cl\/web\/wp-json\/wp\/v2\/tags?post=17461"}],"curies":[{"name":"wp","href":"https:\/\/api.w.org\/{rel}","templated":true}]}}