{"id":17449,"date":"2025-07-07T23:20:08","date_gmt":"2025-07-08T02:20:08","guid":{"rendered":"https:\/\/laserenaradio.cl\/web\/?p=17449"},"modified":"2025-07-07T23:20:08","modified_gmt":"2025-07-08T02:20:08","slug":"uefa-sanciona-a-jugadores-del-real-madrid-por-conducta-indecente","status":"publish","type":"post","link":"https:\/\/laserenaradio.cl\/web\/2025\/07\/07\/uefa-sanciona-a-jugadores-del-real-madrid-por-conducta-indecente\/","title":{"rendered":"UEFA sanciona a jugadores del Real Madrid por conducta indecente."},"content":{"rendered":"<p>La UEFA confirm\u00f3 las sanciones contra Antonio R\u00fcdiger, Kylian Mbapp\u00e9 y Dani Ceballos por \u201cconducta indecente\u201d durante la \u00faltima Champions League.<\/p>\n<p>Los incidentes ocurrieron tras el partido entre Real Madrid y Atl\u00e9tico de Madrid en el estadio Metropolitano.<\/p>\n<p>R\u00fcdiger y Mbapp\u00e9 fueron multados con 40.000 euros y 30.000 euros respectivamente, mientras que Ceballos recibi\u00f3 una sanci\u00f3n econ\u00f3mica de 20.000 euros.<\/p>\n<p>No hubo medidas disciplinarias contra Vinicius J\u00fanior, quien tambi\u00e9n fue investigado.<\/p>\n<p>El organismo design\u00f3 un inspector para investigar las acusaciones de conducta indecente en el Metropolitano al final del partido.<\/p>\n<p>Durante la celebraci\u00f3n tras el \u00faltimo penalti que daba el pase a los cuartos de final, jugadores del Real Madrid realizaron gestos considerados contrarios al buen orden deportivo.<\/p>\n<p>Adem\u00e1s, la UEFA mult\u00f3 al Real Madrid con 15.000 euros por un aficionado que realiz\u00f3 un saludo nazi durante un partido en el Emirates Stadium.<\/p>\n<p>Se prohibir\u00e1 a los fans visitantes de Real Madrid comprar entradas si hay reincidencia de comportamiento racista.<\/p>\n","protected":false},"excerpt":{"rendered":"<p>La UEFA confirm\u00f3 las sanciones contra Antonio R\u00fcdiger, Kylian Mbapp\u00e9 y Dani Ceballos por \u201cconducta indecente\u201d durante la \u00faltima Champions League. Los incidentes ocurrieron tras el partido entre Real Madrid y Atl\u00e9tico de Madrid en el estadio Metropolitano. R\u00fcdiger y Mbapp\u00e9 fueron multados con 40.000 euros y 30.000 euros respectivamente, mientras que Ceballos recibi\u00f3 una [&hellip;]<\/p>\n","protected":false},"author":2,"featured_media":17448,"comment_status":"closed","ping_status":"open","sticky":false,"template":"","format":"standard","meta":{"_jetpack_memberships_contains_paid_content":false,"jnews-multi-image_gallery":[],"jnews_single_post":[],"jnews_primary_category":[],"jnews_social_meta":[],"jnews_paywall_metabox":[],"jnews_review":[],"enable_review":"","type":"","name":"","summary":"","brand":"","sku":"","good":[],"bad":[],"score_override":"","override_value":"","rating":[],"price":[],"jnews_override_counter":[],"jnews_post_split":[],"footnotes":""},"categories":[84],"tags":[],"class_list":["post-17449","post","type-post","status-publish","format-standard","has-post-thumbnail","hentry","category-deportes"],"jetpack_featured_media_url":"https:\/\/laserenaradio.cl\/web\/wp-content\/uploads\/2025\/07\/homepiaiextractoscrapimg_predeterminadalaserenaradio_deportes-3.webp","jetpack_sharing_enabled":true,"_links":{"self":[{"href":"https:\/\/laserenaradio.cl\/web\/wp-json\/wp\/v2\/posts\/17449","targetHints":{"allow":["GET"]}}],"collection":[{"href":"https:\/\/laserenaradio.cl\/web\/wp-json\/wp\/v2\/posts"}],"about":[{"href":"https:\/\/laserenaradio.cl\/web\/wp-json\/wp\/v2\/types\/post"}],"author":[{"embeddable":true,"href":"https:\/\/laserenaradio.cl\/web\/wp-json\/wp\/v2\/users\/2"}],"replies":[{"embeddable":true,"href":"https:\/\/laserenaradio.cl\/web\/wp-json\/wp\/v2\/comments?post=17449"}],"version-history":[{"count":1,"href":"https:\/\/laserenaradio.cl\/web\/wp-json\/wp\/v2\/posts\/17449\/revisions"}],"predecessor-version":[{"id":17450,"href":"https:\/\/laserenaradio.cl\/web\/wp-json\/wp\/v2\/posts\/17449\/revisions\/17450"}],"wp:featuredmedia":[{"embeddable":true,"href":"https:\/\/laserenaradio.cl\/web\/wp-json\/wp\/v2\/media\/17448"}],"wp:attachment":[{"href":"https:\/\/laserenaradio.cl\/web\/wp-json\/wp\/v2\/media?parent=17449"}],"wp:term":[{"taxonomy":"category","embeddable":true,"href":"https:\/\/laserenaradio.cl\/web\/wp-json\/wp\/v2\/categories?post=17449"},{"taxonomy":"post_tag","embeddable":true,"href":"https:\/\/laserenaradio.cl\/web\/wp-json\/wp\/v2\/tags?post=17449"}],"curies":[{"name":"wp","href":"https:\/\/api.w.org\/{rel}","templated":true}]}}