{"id":17408,"date":"2025-07-06T21:05:08","date_gmt":"2025-07-07T00:05:08","guid":{"rendered":"https:\/\/laserenaradio.cl\/web\/?p=17408"},"modified":"2025-07-06T21:05:08","modified_gmt":"2025-07-07T00:05:08","slug":"balacera-deja-heridos-en-centro-de-osorno","status":"publish","type":"post","link":"https:\/\/laserenaradio.cl\/web\/2025\/07\/06\/balacera-deja-heridos-en-centro-de-osorno\/","title":{"rendered":"Balacera deja heridos en centro de Osorno."},"content":{"rendered":"<p>Al menos 5 heridos de diversa gravedad dej\u00f3 una balacera registrada la ma\u00f1ana de este domingo en el centro de Osorno, regi\u00f3n de Los Lagos. Seg\u00fan inform\u00f3 Radio B\u00edo B\u00edo, el hecho ocurri\u00f3 cerca de las 7:00 horas frente a un local que funcionaba de manera clandestina en avenida Portales.<\/p>\n<p>As\u00ed lo afirm\u00f3 el jefe de la Brigada de Homicidios (BH) de la Polic\u00eda de Investigaciones (<a href=\"https:\/\/www.pdichile.cl\/\">PDI<\/a>), Javier Yusthy, dando cuenta de las pericias desarrolladas. Tenemos 5 personas lesionadas de diversa gravedad, que est\u00e1n siendo atendidas en el Hospital Base (San Jos\u00e9) de Osorno. Estamos realizando las diligencias a fin de tomar declaraciones y todo lo que conlleva este trabajo.<\/p>\n<p>Pese a que se trata de un trabajo investigativo en desarrollo, se confirm\u00f3 una l\u00ednea investigativa que apuntar\u00eda a una ri\u00f1a en el local. Lo ocurrido ha generado preocupaci\u00f3n en funci\u00f3n de un sector ampliamente concurrido, adem\u00e1s del funcionamiento de un local de manera clandestina.<\/p>\n<p>Hasta el momento desde la <a href=\"https:\/\/www.pdichile.cl\/\">PDI<\/a> sostienen que no hay detenidos, mientras las c\u00e1maras de televigilancia del sector ser\u00e1n revisadas por el equipo especializado para dar con el paradero de los autores de los disparos. En cuanto a los heridos, las autoridades detallaron que se trata de 3 hombres y 2 mujeres, quienes se mantienen con diagn\u00f3stico reservado en el Hospital Base San Jos\u00e9 de Osorno.<\/p>\n","protected":false},"excerpt":{"rendered":"<p>Al menos 5 heridos de diversa gravedad dej\u00f3 una balacera registrada la ma\u00f1ana de este domingo en el centro de Osorno, regi\u00f3n de Los Lagos. Seg\u00fan inform\u00f3 Radio B\u00edo B\u00edo, el hecho ocurri\u00f3 cerca de las 7:00 horas frente a un local que funcionaba de manera clandestina en avenida Portales. As\u00ed lo afirm\u00f3 el jefe [&hellip;]<\/p>\n","protected":false},"author":2,"featured_media":17407,"comment_status":"closed","ping_status":"open","sticky":false,"template":"","format":"standard","meta":{"_jetpack_memberships_contains_paid_content":false,"jnews-multi-image_gallery":[],"jnews_single_post":[],"jnews_primary_category":[],"jnews_social_meta":[],"jnews_paywall_metabox":[],"jnews_review":[],"enable_review":"","type":"","name":"","summary":"","brand":"","sku":"","good":[],"bad":[],"score_override":"","override_value":"","rating":[],"price":[],"jnews_override_counter":[],"jnews_post_split":[],"footnotes":""},"categories":[21],"tags":[],"class_list":["post-17408","post","type-post","status-publish","format-standard","has-post-thumbnail","hentry","category-nacional"],"jetpack_featured_media_url":"https:\/\/laserenaradio.cl\/web\/wp-content\/uploads\/2025\/07\/homepiaiextractoscrapimg_webpBalaceraOsorno_0.webp","jetpack_sharing_enabled":true,"_links":{"self":[{"href":"https:\/\/laserenaradio.cl\/web\/wp-json\/wp\/v2\/posts\/17408","targetHints":{"allow":["GET"]}}],"collection":[{"href":"https:\/\/laserenaradio.cl\/web\/wp-json\/wp\/v2\/posts"}],"about":[{"href":"https:\/\/laserenaradio.cl\/web\/wp-json\/wp\/v2\/types\/post"}],"author":[{"embeddable":true,"href":"https:\/\/laserenaradio.cl\/web\/wp-json\/wp\/v2\/users\/2"}],"replies":[{"embeddable":true,"href":"https:\/\/laserenaradio.cl\/web\/wp-json\/wp\/v2\/comments?post=17408"}],"version-history":[{"count":1,"href":"https:\/\/laserenaradio.cl\/web\/wp-json\/wp\/v2\/posts\/17408\/revisions"}],"predecessor-version":[{"id":17409,"href":"https:\/\/laserenaradio.cl\/web\/wp-json\/wp\/v2\/posts\/17408\/revisions\/17409"}],"wp:featuredmedia":[{"embeddable":true,"href":"https:\/\/laserenaradio.cl\/web\/wp-json\/wp\/v2\/media\/17407"}],"wp:attachment":[{"href":"https:\/\/laserenaradio.cl\/web\/wp-json\/wp\/v2\/media?parent=17408"}],"wp:term":[{"taxonomy":"category","embeddable":true,"href":"https:\/\/laserenaradio.cl\/web\/wp-json\/wp\/v2\/categories?post=17408"},{"taxonomy":"post_tag","embeddable":true,"href":"https:\/\/laserenaradio.cl\/web\/wp-json\/wp\/v2\/tags?post=17408"}],"curies":[{"name":"wp","href":"https:\/\/api.w.org\/{rel}","templated":true}]}}