{"id":17402,"date":"2025-07-06T20:59:58","date_gmt":"2025-07-06T23:59:58","guid":{"rendered":"https:\/\/laserenaradio.cl\/web\/?p=17402"},"modified":"2025-07-06T20:59:58","modified_gmt":"2025-07-06T23:59:58","slug":"universidad-catolica-supera-a-colo-colo-por-2-0","status":"publish","type":"post","link":"https:\/\/laserenaradio.cl\/web\/2025\/07\/06\/universidad-catolica-supera-a-colo-colo-por-2-0\/","title":{"rendered":"Universidad Cat\u00f3lica supera a Colo Colo por 2-0."},"content":{"rendered":"<p>Universidad Cat\u00f3lica venci\u00f3 a Colo Colo por 2-0 en el cl\u00e1sico 187, celebrado este s\u00e1bado en el Estadio Santa Laura para la quinta fecha -pendiente- de la Liga de Primera 2025.<\/p>\n<p>Daniel Gonz\u00e1lez (69\u2032) anot\u00f3 el primer gol tras un centro y una incomodidad defensiva de Diego Valencia a Brayan Cort\u00e9s, marcando as\u00ed el inicio de una segunda mitad disputada. La primera parte no mostr\u00f3 gran f\u00fatbol.<\/p>\n<p>Daniel Garnero dirigi\u00f3 a los cruzados, quienes dominaron la cancha y anularon a los pupilos de Jorge Almir\u00f3n. Con una cuadrilla diezmada por las lesiones, Universidad Cat\u00f3lica se luci\u00f3 con un rendimiento superior.<\/p>\n<p>Diego Corral destac\u00f3 en defensa y estall\u00f3 el ambiente al marcar un golazo sobre el final del partido. Ante 12.807 espectadores, Universidad Cat\u00f3lica super\u00f3 su mala racha de once partidos sin ganar en el Campeonato Nacional (y nueve ante Colo Colo) con este triunfo.<\/p>\n<p>Por otro lado, Colo Colo qued\u00f3 al debe y sembr\u00f3 dudas para el Supercl\u00e1sico ante La U, a disputarse el pr\u00f3ximo s\u00e1bado 12 de julio a las 15:00 horas en el Estadio Nacional Julio Mart\u00ednez Pr\u00e1danos.<\/p>\n","protected":false},"excerpt":{"rendered":"<p>Universidad Cat\u00f3lica venci\u00f3 a Colo Colo por 2-0 en el cl\u00e1sico 187, celebrado este s\u00e1bado en el Estadio Santa Laura para la quinta fecha -pendiente- de la Liga de Primera 2025. Daniel Gonz\u00e1lez (69\u2032) anot\u00f3 el primer gol tras un centro y una incomodidad defensiva de Diego Valencia a Brayan Cort\u00e9s, marcando as\u00ed el inicio [&hellip;]<\/p>\n","protected":false},"author":2,"featured_media":17401,"comment_status":"closed","ping_status":"open","sticky":false,"template":"","format":"standard","meta":{"_jetpack_memberships_contains_paid_content":false,"jnews-multi-image_gallery":[],"jnews_single_post":[],"jnews_primary_category":[],"jnews_social_meta":[],"jnews_paywall_metabox":[],"jnews_review":[],"enable_review":"","type":"","name":"","summary":"","brand":"","sku":"","good":[],"bad":[],"score_override":"","override_value":"","rating":[],"price":[],"jnews_override_counter":[],"jnews_post_split":[],"footnotes":""},"categories":[84],"tags":[],"class_list":["post-17402","post","type-post","status-publish","format-standard","has-post-thumbnail","hentry","category-deportes"],"jetpack_featured_media_url":"https:\/\/laserenaradio.cl\/web\/wp-content\/uploads\/2025\/07\/homepiaiextractoscrapimg_webpUniversidadColoColoantecelebrado_1.webp","jetpack_sharing_enabled":true,"_links":{"self":[{"href":"https:\/\/laserenaradio.cl\/web\/wp-json\/wp\/v2\/posts\/17402","targetHints":{"allow":["GET"]}}],"collection":[{"href":"https:\/\/laserenaradio.cl\/web\/wp-json\/wp\/v2\/posts"}],"about":[{"href":"https:\/\/laserenaradio.cl\/web\/wp-json\/wp\/v2\/types\/post"}],"author":[{"embeddable":true,"href":"https:\/\/laserenaradio.cl\/web\/wp-json\/wp\/v2\/users\/2"}],"replies":[{"embeddable":true,"href":"https:\/\/laserenaradio.cl\/web\/wp-json\/wp\/v2\/comments?post=17402"}],"version-history":[{"count":1,"href":"https:\/\/laserenaradio.cl\/web\/wp-json\/wp\/v2\/posts\/17402\/revisions"}],"predecessor-version":[{"id":17403,"href":"https:\/\/laserenaradio.cl\/web\/wp-json\/wp\/v2\/posts\/17402\/revisions\/17403"}],"wp:featuredmedia":[{"embeddable":true,"href":"https:\/\/laserenaradio.cl\/web\/wp-json\/wp\/v2\/media\/17401"}],"wp:attachment":[{"href":"https:\/\/laserenaradio.cl\/web\/wp-json\/wp\/v2\/media?parent=17402"}],"wp:term":[{"taxonomy":"category","embeddable":true,"href":"https:\/\/laserenaradio.cl\/web\/wp-json\/wp\/v2\/categories?post=17402"},{"taxonomy":"post_tag","embeddable":true,"href":"https:\/\/laserenaradio.cl\/web\/wp-json\/wp\/v2\/tags?post=17402"}],"curies":[{"name":"wp","href":"https:\/\/api.w.org\/{rel}","templated":true}]}}