{"id":17399,"date":"2025-07-06T20:47:18","date_gmt":"2025-07-06T23:47:18","guid":{"rendered":"https:\/\/laserenaradio.cl\/web\/?p=17399"},"modified":"2025-07-06T20:47:18","modified_gmt":"2025-07-06T23:47:18","slug":"comision-de-reconstruccion-valparaiso-alcaldesas-citadas-por-abandono","status":"publish","type":"post","link":"https:\/\/laserenaradio.cl\/web\/2025\/07\/06\/comision-de-reconstruccion-valparaiso-alcaldesas-citadas-por-abandono\/","title":{"rendered":"Comisi\u00f3n de reconstrucci\u00f3n Valpara\u00edso: alcaldesas citadas por abandono."},"content":{"rendered":"<p>La Comisi\u00f3n Investigadora del proceso de reconstrucci\u00f3n de Valpara\u00edso cit\u00f3 para este lunes 7 de julio a las alcaldesas de Vi\u00f1a del Mar y Quilpu\u00e9. Macarena Ripamonti y Carolina Corti, junto con sus respectivos directores de obras, deben asistir a la pr\u00f3xima sesi\u00f3n para explicar las denuncias de abandono estatal.<\/p>\n<p>Durante la \u00faltima reuni\u00f3n, dirigentes de sectores como Villa Independencia, Monte Sina\u00ed y Luz Esperanza reclamaron soluciones inmediatas en vivienda y salud mental. Amanda Guerra, presidenta de Sobrevivientes del Mega Incendio, resalt\u00f3 la necesidad de que las autoridades ofrezcan respuestas concretas.<\/p>\n<p>Carolina Marz\u00e1n, diputada integrante de la comisi\u00f3n, indic\u00f3 que la situaci\u00f3n sigue siendo cr\u00edtica a un a\u00f1o y medio del desastre. Subray\u00f3 la falta de di\u00e1logo entre los municipios y las organizaciones de vecinos. Como resultado, la comisi\u00f3n acord\u00f3 solicitar un informe detallado sobre la cobertura de salud mental al <a href=\"http:\/\/www.minsal.cl\/\">Ministerio de Salud<\/a> (Minsal), luego de reportarse al menos 24 suicidios entre los damnificados.<\/p>\n<p>Desde el Congreso se insisti\u00f3 en que esta cat\u00e1strofe requiere respuestas inmediatas, efectivas y con enfoque humano.<\/p>\n","protected":false},"excerpt":{"rendered":"<p>La Comisi\u00f3n Investigadora del proceso de reconstrucci\u00f3n de Valpara\u00edso cit\u00f3 para este lunes 7 de julio a las alcaldesas de Vi\u00f1a del Mar y Quilpu\u00e9. Macarena Ripamonti y Carolina Corti, junto con sus respectivos directores de obras, deben asistir a la pr\u00f3xima sesi\u00f3n para explicar las denuncias de abandono estatal. Durante la \u00faltima reuni\u00f3n, dirigentes [&hellip;]<\/p>\n","protected":false},"author":2,"featured_media":17398,"comment_status":"closed","ping_status":"open","sticky":false,"template":"","format":"standard","meta":{"_jetpack_memberships_contains_paid_content":false,"jnews-multi-image_gallery":[],"jnews_single_post":[],"jnews_primary_category":[],"jnews_social_meta":[],"jnews_paywall_metabox":[],"jnews_review":[],"enable_review":"","type":"","name":"","summary":"","brand":"","sku":"","good":[],"bad":[],"score_override":"","override_value":"","rating":[],"price":[],"jnews_override_counter":[],"jnews_post_split":[],"footnotes":""},"categories":[21],"tags":[],"class_list":["post-17399","post","type-post","status-publish","format-standard","has-post-thumbnail","hentry","category-nacional"],"jetpack_featured_media_url":"https:\/\/laserenaradio.cl\/web\/wp-content\/uploads\/2025\/07\/homepiaiextractoscrapimg_predeterminadalaserenaradio_nacional-6.webp","jetpack_sharing_enabled":true,"_links":{"self":[{"href":"https:\/\/laserenaradio.cl\/web\/wp-json\/wp\/v2\/posts\/17399","targetHints":{"allow":["GET"]}}],"collection":[{"href":"https:\/\/laserenaradio.cl\/web\/wp-json\/wp\/v2\/posts"}],"about":[{"href":"https:\/\/laserenaradio.cl\/web\/wp-json\/wp\/v2\/types\/post"}],"author":[{"embeddable":true,"href":"https:\/\/laserenaradio.cl\/web\/wp-json\/wp\/v2\/users\/2"}],"replies":[{"embeddable":true,"href":"https:\/\/laserenaradio.cl\/web\/wp-json\/wp\/v2\/comments?post=17399"}],"version-history":[{"count":1,"href":"https:\/\/laserenaradio.cl\/web\/wp-json\/wp\/v2\/posts\/17399\/revisions"}],"predecessor-version":[{"id":17400,"href":"https:\/\/laserenaradio.cl\/web\/wp-json\/wp\/v2\/posts\/17399\/revisions\/17400"}],"wp:featuredmedia":[{"embeddable":true,"href":"https:\/\/laserenaradio.cl\/web\/wp-json\/wp\/v2\/media\/17398"}],"wp:attachment":[{"href":"https:\/\/laserenaradio.cl\/web\/wp-json\/wp\/v2\/media?parent=17399"}],"wp:term":[{"taxonomy":"category","embeddable":true,"href":"https:\/\/laserenaradio.cl\/web\/wp-json\/wp\/v2\/categories?post=17399"},{"taxonomy":"post_tag","embeddable":true,"href":"https:\/\/laserenaradio.cl\/web\/wp-json\/wp\/v2\/tags?post=17399"}],"curies":[{"name":"wp","href":"https:\/\/api.w.org\/{rel}","templated":true}]}}