{"id":17384,"date":"2025-07-06T16:56:24","date_gmt":"2025-07-06T19:56:24","guid":{"rendered":"https:\/\/laserenaradio.cl\/web\/?p=17384"},"modified":"2025-07-06T16:56:24","modified_gmt":"2025-07-06T19:56:24","slug":"jamal-musiala-sufrira-operacion-tras-grave-lesion-en-mundial-de-clubes","status":"publish","type":"post","link":"https:\/\/laserenaradio.cl\/web\/2025\/07\/06\/jamal-musiala-sufrira-operacion-tras-grave-lesion-en-mundial-de-clubes\/","title":{"rendered":"Jamal Musiala sufrir\u00e1 operaci\u00f3n tras grave lesi\u00f3n en Mundial de Clubes."},"content":{"rendered":"<p>Jamal Musiala, jugador del Bayern M\u00fanich, ser\u00e1 operado brevemente de la grave lesi\u00f3n que sufri\u00f3 en el peron\u00e9 de la pierna izquierda durante el partido de cuartos de final del Mundial de Clubes. En el choque ante el PSG, el alem\u00e1n fue arrollado por el arquero Gianluigi Donnarumma en la disputa por un bal\u00f3n al borde del descanso.<\/p>\n<p>Seg\u00fan inform\u00f3 el club b\u00e1varo, el futbolista internacional germano, de 22 a\u00f1os, que acababa reaparecer en el Mundial tras varios meses de baja, vol\u00f3 desde Orlando a M\u00fanich esta misma ma\u00f1ana y ser\u00e1 intervenido en breve. Las pruebas m\u00e9dicas que le efectuaron tras el percance revelaron que Musiala sufri\u00f3 una fractura del peron\u00e9 de la pierna izquierda como consecuencia de una luxaci\u00f3n de tobillo.<\/p>\n<p>Max Eberl, director general deportivo del Bayern M\u00fanich, admiti\u00f3 que \u201cesta grave lesi\u00f3n y la larga baja son un verdadero shock para Jamal y para todos\u201d. &#8220;Todo el mundo sabe lo inmensamente importante que es Jamal para nuestro juego y el papel central que desempe\u00f1a en nuestro equipo&#8221;, agreg\u00f3 el directivo de los b\u00e1varos.<\/p>\n<p>Eberl detall\u00f3 que \u201cel impacto humano es enormemente amargo, todos lo sentimos por \u00e9l: Jamal acababa de volver de una lesi\u00f3n y ahora volver\u00e1 a estar fuera mucho tiempo. Tendr\u00e1 todo lo que necesite de nosotros. Le apoyaremos intensamente y estaremos a su lado, y ya estamos deseando verle de vuelta en el campo&#8221;.<\/p>\n<p>Jamal Musiala tuvo que ser reemplazado en el descanso del encuentro, en el que el Paris Saint-Germain acab\u00f3 imponi\u00e9ndose por 2-0 con goles en el segundo periodo de Desire Dou\u00e9 y Ousmane Demb\u00e9l\u00e9.<\/p>\n","protected":false},"excerpt":{"rendered":"<p>Jamal Musiala, jugador del Bayern M\u00fanich, ser\u00e1 operado brevemente de la grave lesi\u00f3n que sufri\u00f3 en el peron\u00e9 de la pierna izquierda durante el partido de cuartos de final del Mundial de Clubes. En el choque ante el PSG, el alem\u00e1n fue arrollado por el arquero Gianluigi Donnarumma en la disputa por un bal\u00f3n al [&hellip;]<\/p>\n","protected":false},"author":2,"featured_media":17383,"comment_status":"closed","ping_status":"open","sticky":false,"template":"","format":"standard","meta":{"_jetpack_memberships_contains_paid_content":false,"jnews-multi-image_gallery":[],"jnews_single_post":[],"jnews_primary_category":[],"jnews_social_meta":[],"jnews_paywall_metabox":[],"jnews_review":[],"enable_review":"","type":"","name":"","summary":"","brand":"","sku":"","good":[],"bad":[],"score_override":"","override_value":"","rating":[],"price":[],"jnews_override_counter":[],"jnews_post_split":[],"footnotes":""},"categories":[84],"tags":[],"class_list":["post-17384","post","type-post","status-publish","format-standard","has-post-thumbnail","hentry","category-deportes"],"jetpack_featured_media_url":"https:\/\/laserenaradio.cl\/web\/wp-content\/uploads\/2025\/07\/homepiaiextractoscrapimg_webpJamalMusialagraveMundialJamal_0.webp","jetpack_sharing_enabled":true,"_links":{"self":[{"href":"https:\/\/laserenaradio.cl\/web\/wp-json\/wp\/v2\/posts\/17384","targetHints":{"allow":["GET"]}}],"collection":[{"href":"https:\/\/laserenaradio.cl\/web\/wp-json\/wp\/v2\/posts"}],"about":[{"href":"https:\/\/laserenaradio.cl\/web\/wp-json\/wp\/v2\/types\/post"}],"author":[{"embeddable":true,"href":"https:\/\/laserenaradio.cl\/web\/wp-json\/wp\/v2\/users\/2"}],"replies":[{"embeddable":true,"href":"https:\/\/laserenaradio.cl\/web\/wp-json\/wp\/v2\/comments?post=17384"}],"version-history":[{"count":1,"href":"https:\/\/laserenaradio.cl\/web\/wp-json\/wp\/v2\/posts\/17384\/revisions"}],"predecessor-version":[{"id":17385,"href":"https:\/\/laserenaradio.cl\/web\/wp-json\/wp\/v2\/posts\/17384\/revisions\/17385"}],"wp:featuredmedia":[{"embeddable":true,"href":"https:\/\/laserenaradio.cl\/web\/wp-json\/wp\/v2\/media\/17383"}],"wp:attachment":[{"href":"https:\/\/laserenaradio.cl\/web\/wp-json\/wp\/v2\/media?parent=17384"}],"wp:term":[{"taxonomy":"category","embeddable":true,"href":"https:\/\/laserenaradio.cl\/web\/wp-json\/wp\/v2\/categories?post=17384"},{"taxonomy":"post_tag","embeddable":true,"href":"https:\/\/laserenaradio.cl\/web\/wp-json\/wp\/v2\/tags?post=17384"}],"curies":[{"name":"wp","href":"https:\/\/api.w.org\/{rel}","templated":true}]}}