{"id":17381,"date":"2025-07-06T16:46:13","date_gmt":"2025-07-06T19:46:13","guid":{"rendered":"https:\/\/laserenaradio.cl\/web\/?p=17381"},"modified":"2025-07-06T16:46:13","modified_gmt":"2025-07-06T19:46:13","slug":"eduardo-vargas-pide-un-salario-cercano-a-los-40-millones-de-pesos","status":"publish","type":"post","link":"https:\/\/laserenaradio.cl\/web\/2025\/07\/06\/eduardo-vargas-pide-un-salario-cercano-a-los-40-millones-de-pesos\/","title":{"rendered":"Eduardo Vargas pide un salario cercano a los 40 millones de pesos."},"content":{"rendered":"<p>Eduardo Vargas y su posible regreso a Universidad de Chile siguen siendo temas de conversaci\u00f3n en el f\u00fatbol chileno. Atacante conocido como &#8216;Turboman&#8217;, se encuentra actualmente fuera del plantel de Nacional de Uruguay, lo que abre la puerta para su eventual retorno.<\/p>\n<p>Seg\u00fan informa ADN, Vargas solicit\u00f3 a Universidad de Chile uno de los mayores sueldos del plantel para iniciar cualquier tipo de negociaci\u00f3n. Hoy, el salario m\u00e1s elevado en Azul Azul es percibido por Charles Ar\u00e1nguiz, que cobra aproximadamente 40 millones de pesos mensuales.<\/p>\n<p>Antes de enfrentar a Uni\u00f3n Espa\u00f1ola, Cecilia P\u00e9rez, vicepresidenta de la entidad, dio detalles sobre las posibles tratativas con el jugador. &#8220;Siempre est\u00e1 el nombre de Eduardo Vargas sobre la mesa&#8221;, expres\u00f3 P\u00e9rez, a\u00f1adiendo que los jugadores hist\u00f3ricos siempre est\u00e1n presentes en consideraciones para futuras negociaciones.<\/p>\n<p>Esta situaci\u00f3n refleja la alta valoraci\u00f3n del atacante y su potencial contribuci\u00f3n a las aspiraciones futbol\u00edsticas de Universidad de Chile.<\/p>\n","protected":false},"excerpt":{"rendered":"<p>Eduardo Vargas y su posible regreso a Universidad de Chile siguen siendo temas de conversaci\u00f3n en el f\u00fatbol chileno. Atacante conocido como &#8216;Turboman&#8217;, se encuentra actualmente fuera del plantel de Nacional de Uruguay, lo que abre la puerta para su eventual retorno. Seg\u00fan informa ADN, Vargas solicit\u00f3 a Universidad de Chile uno de los mayores [&hellip;]<\/p>\n","protected":false},"author":2,"featured_media":17380,"comment_status":"closed","ping_status":"open","sticky":false,"template":"","format":"standard","meta":{"_jetpack_memberships_contains_paid_content":false,"jnews-multi-image_gallery":[],"jnews_single_post":[],"jnews_primary_category":[],"jnews_social_meta":[],"jnews_paywall_metabox":[],"jnews_review":[],"enable_review":"","type":"","name":"","summary":"","brand":"","sku":"","good":[],"bad":[],"score_override":"","override_value":"","rating":[],"price":[],"jnews_override_counter":[],"jnews_post_split":[],"footnotes":""},"categories":[84],"tags":[],"class_list":["post-17381","post","type-post","status-publish","format-standard","has-post-thumbnail","hentry","category-deportes"],"jetpack_featured_media_url":"https:\/\/laserenaradio.cl\/web\/wp-content\/uploads\/2025\/07\/homepiaiextractoscrapimg_webpEduardoVargasUniversidadChileplantel_0.webp","jetpack_sharing_enabled":true,"_links":{"self":[{"href":"https:\/\/laserenaradio.cl\/web\/wp-json\/wp\/v2\/posts\/17381","targetHints":{"allow":["GET"]}}],"collection":[{"href":"https:\/\/laserenaradio.cl\/web\/wp-json\/wp\/v2\/posts"}],"about":[{"href":"https:\/\/laserenaradio.cl\/web\/wp-json\/wp\/v2\/types\/post"}],"author":[{"embeddable":true,"href":"https:\/\/laserenaradio.cl\/web\/wp-json\/wp\/v2\/users\/2"}],"replies":[{"embeddable":true,"href":"https:\/\/laserenaradio.cl\/web\/wp-json\/wp\/v2\/comments?post=17381"}],"version-history":[{"count":1,"href":"https:\/\/laserenaradio.cl\/web\/wp-json\/wp\/v2\/posts\/17381\/revisions"}],"predecessor-version":[{"id":17382,"href":"https:\/\/laserenaradio.cl\/web\/wp-json\/wp\/v2\/posts\/17381\/revisions\/17382"}],"wp:featuredmedia":[{"embeddable":true,"href":"https:\/\/laserenaradio.cl\/web\/wp-json\/wp\/v2\/media\/17380"}],"wp:attachment":[{"href":"https:\/\/laserenaradio.cl\/web\/wp-json\/wp\/v2\/media?parent=17381"}],"wp:term":[{"taxonomy":"category","embeddable":true,"href":"https:\/\/laserenaradio.cl\/web\/wp-json\/wp\/v2\/categories?post=17381"},{"taxonomy":"post_tag","embeddable":true,"href":"https:\/\/laserenaradio.cl\/web\/wp-json\/wp\/v2\/tags?post=17381"}],"curies":[{"name":"wp","href":"https:\/\/api.w.org\/{rel}","templated":true}]}}