{"id":17363,"date":"2025-07-06T10:04:01","date_gmt":"2025-07-06T13:04:01","guid":{"rendered":"https:\/\/laserenaradio.cl\/web\/?p=17363"},"modified":"2025-07-06T10:04:01","modified_gmt":"2025-07-06T13:04:01","slug":"colegio-aleman-suspendio-apoyo-a-nino-tea","status":"publish","type":"post","link":"https:\/\/laserenaradio.cl\/web\/2025\/07\/06\/colegio-aleman-suspendio-apoyo-a-nino-tea\/","title":{"rendered":"Colegio Alem\u00e1n suspendi\u00f3 apoyo a ni\u00f1o TEA"},"content":{"rendered":"<p>La Corte de Apelaciones de Concepci\u00f3n admiti\u00f3 un recurso de protecci\u00f3n presentado por los padres de un ni\u00f1o con Trastorno del Espectro Autista (TEA). El Colegio Alem\u00e1n suspendi\u00f3 el apoyo en clases de una asistente, lo que se denuncia como incumplimiento de la Ley de Inclusi\u00f3n y un intento de aumentar la colegiatura para mantener la ayuda en aula.<\/p>\n<p>La madre del ni\u00f1o, \u00c1ngela Contreras, explic\u00f3 que el a\u00f1o pasado, en primero b\u00e1sico, su hijo s\u00ed contaba con la asistencia de una asistente. Sin embargo, en abril del a\u00f1o siguiente -cuando cursaba segundo b\u00e1sico-, se les inform\u00f3 unilateralmente sobre el retiro del apoyo.<\/p>\n<p>Los padres pagan anualmente casi 5 millones de pesos y la alternativa que les ofreci\u00f3 el colegio para mantener a la asistente fue pagar el doble. Ante esta situaci\u00f3n, decidieron interponer un recurso de protecci\u00f3n presentado por el abogado Remberto Vald\u00e9s.<\/p>\n<p>El objetivo de la acci\u00f3n cautelar es proteger los derechos del estudiante y sancionar al colegio. Al declarar admisible la acci\u00f3n legal, la Corte de Apelaciones penquista decret\u00f3 una orden de no innovar que instruye al Colegio Alem\u00e1n a mantener el apoyo en aula al ni\u00f1o hasta que se resuelva el recurso.<\/p>\n<p>Desde el establecimiento indicaron que podr\u00edan referirse al caso el lunes.<\/p>\n","protected":false},"excerpt":{"rendered":"<p>La Corte de Apelaciones de Concepci\u00f3n admiti\u00f3 un recurso de protecci\u00f3n presentado por los padres de un ni\u00f1o con Trastorno del Espectro Autista (TEA). El Colegio Alem\u00e1n suspendi\u00f3 el apoyo en clases de una asistente, lo que se denuncia como incumplimiento de la Ley de Inclusi\u00f3n y un intento de aumentar la colegiatura para mantener [&hellip;]<\/p>\n","protected":false},"author":2,"featured_media":17362,"comment_status":"closed","ping_status":"open","sticky":false,"template":"","format":"standard","meta":{"_jetpack_memberships_contains_paid_content":false,"jnews-multi-image_gallery":[],"jnews_single_post":[],"jnews_primary_category":[],"jnews_social_meta":[],"jnews_paywall_metabox":[],"jnews_review":[],"enable_review":"","type":"","name":"","summary":"","brand":"","sku":"","good":[],"bad":[],"score_override":"","override_value":"","rating":[],"price":[],"jnews_override_counter":[],"jnews_post_split":[],"footnotes":""},"categories":[21],"tags":[],"class_list":["post-17363","post","type-post","status-publish","format-standard","has-post-thumbnail","hentry","category-nacional"],"jetpack_featured_media_url":"https:\/\/laserenaradio.cl\/web\/wp-content\/uploads\/2025\/07\/homepiaiextractoscrapimg_predeterminadalaserenaradio_nacional-5.webp","jetpack_sharing_enabled":true,"_links":{"self":[{"href":"https:\/\/laserenaradio.cl\/web\/wp-json\/wp\/v2\/posts\/17363","targetHints":{"allow":["GET"]}}],"collection":[{"href":"https:\/\/laserenaradio.cl\/web\/wp-json\/wp\/v2\/posts"}],"about":[{"href":"https:\/\/laserenaradio.cl\/web\/wp-json\/wp\/v2\/types\/post"}],"author":[{"embeddable":true,"href":"https:\/\/laserenaradio.cl\/web\/wp-json\/wp\/v2\/users\/2"}],"replies":[{"embeddable":true,"href":"https:\/\/laserenaradio.cl\/web\/wp-json\/wp\/v2\/comments?post=17363"}],"version-history":[{"count":1,"href":"https:\/\/laserenaradio.cl\/web\/wp-json\/wp\/v2\/posts\/17363\/revisions"}],"predecessor-version":[{"id":17364,"href":"https:\/\/laserenaradio.cl\/web\/wp-json\/wp\/v2\/posts\/17363\/revisions\/17364"}],"wp:featuredmedia":[{"embeddable":true,"href":"https:\/\/laserenaradio.cl\/web\/wp-json\/wp\/v2\/media\/17362"}],"wp:attachment":[{"href":"https:\/\/laserenaradio.cl\/web\/wp-json\/wp\/v2\/media?parent=17363"}],"wp:term":[{"taxonomy":"category","embeddable":true,"href":"https:\/\/laserenaradio.cl\/web\/wp-json\/wp\/v2\/categories?post=17363"},{"taxonomy":"post_tag","embeddable":true,"href":"https:\/\/laserenaradio.cl\/web\/wp-json\/wp\/v2\/tags?post=17363"}],"curies":[{"name":"wp","href":"https:\/\/api.w.org\/{rel}","templated":true}]}}