{"id":17360,"date":"2025-07-06T10:02:01","date_gmt":"2025-07-06T13:02:01","guid":{"rendered":"https:\/\/laserenaradio.cl\/web\/?p=17360"},"modified":"2025-07-06T10:02:01","modified_gmt":"2025-07-06T13:02:01","slug":"cristiano-ronaldo-fue-ausente-del-funeral-de-su-excompanero-diogo-jota","status":"publish","type":"post","link":"https:\/\/laserenaradio.cl\/web\/2025\/07\/06\/cristiano-ronaldo-fue-ausente-del-funeral-de-su-excompanero-diogo-jota\/","title":{"rendered":"Cristiano Ronaldo fue ausente del funeral de su excompa\u00f1ero Diogo Jota."},"content":{"rendered":"<p>Cristiano Ronaldo, astro y capit\u00e1n de la Selecci\u00f3n de Portugal, fue uno de los principales ausentes en el funeral de su compatriota Diogo Jota, futbolista del Liverpool que perdi\u00f3 la vida junto a su hermano Andr\u00e9. El ex Manchester United y Real Madrid prefiri\u00f3 optar por el apoyo silencioso a la familia debido a \u201cuna cuesti\u00f3n personal\u201d, seg\u00fan R\u00e9cord, resultado del trauma emocional tras la muerte de su propio padre en 2005.<\/p>\n<p>Desde entonces, cuando le sorprendi\u00f3 la noticia en Mosc\u00fa durante un partido contra Rusia, Cristiano ha priorizado los homenajes con mayor discreci\u00f3n. Este era su m\u00e9todo para lidiar con el dolor, seg\u00fan R\u00e9cord.<\/p>\n<p>Katia Aveiro, hermana de Cristiano Ronaldo, defendi\u00f3 la postura del futbolista respecto al funeral de Diogo Jota en un post en Instagram. \u201cEl fanatismo cansa, las cr\u00edticas son in\u00fatiles. La sociedad est\u00e1 enferma. Todos tenemos familia. Es absurdamente vergonzoso ver c\u00f3mo los canales de televisi\u00f3n, los comentaristas y las redes sociales enfatizan una (sabia) ausencia en lugar de rendir homenaje respetuoso al dolor de una familia destrozada por la p\u00e9rdida de dos hermanos\u201d, escribi\u00f3.<\/p>\n<p>Este s\u00e1bado, la primera plana del f\u00fatbol portugu\u00e9s y del Liverpool dieron el \u00faltimo adi\u00f3s a Diogo Jota y a su hermano Andr\u00e9 en un funeral celebrado en Gondomar -periferia de Oporto, norte de Portugal-, donde ambos crecieron.<\/p>\n","protected":false},"excerpt":{"rendered":"<p>Cristiano Ronaldo, astro y capit\u00e1n de la Selecci\u00f3n de Portugal, fue uno de los principales ausentes en el funeral de su compatriota Diogo Jota, futbolista del Liverpool que perdi\u00f3 la vida junto a su hermano Andr\u00e9. El ex Manchester United y Real Madrid prefiri\u00f3 optar por el apoyo silencioso a la familia debido a \u201cuna [&hellip;]<\/p>\n","protected":false},"author":2,"featured_media":17359,"comment_status":"closed","ping_status":"open","sticky":false,"template":"","format":"standard","meta":{"_jetpack_memberships_contains_paid_content":false,"jnews-multi-image_gallery":[],"jnews_single_post":[],"jnews_primary_category":[],"jnews_social_meta":[],"jnews_paywall_metabox":[],"jnews_review":[],"enable_review":"","type":"","name":"","summary":"","brand":"","sku":"","good":[],"bad":[],"score_override":"","override_value":"","rating":[],"price":[],"jnews_override_counter":[],"jnews_post_split":[],"footnotes":""},"categories":[84],"tags":[],"class_list":["post-17360","post","type-post","status-publish","format-standard","has-post-thumbnail","hentry","category-deportes"],"jetpack_featured_media_url":"https:\/\/laserenaradio.cl\/web\/wp-content\/uploads\/2025\/07\/homepiaiextractoscrapimg_webpfuneralDiogoJotaCristianoRonaldofamilia_0.webp","jetpack_sharing_enabled":true,"_links":{"self":[{"href":"https:\/\/laserenaradio.cl\/web\/wp-json\/wp\/v2\/posts\/17360","targetHints":{"allow":["GET"]}}],"collection":[{"href":"https:\/\/laserenaradio.cl\/web\/wp-json\/wp\/v2\/posts"}],"about":[{"href":"https:\/\/laserenaradio.cl\/web\/wp-json\/wp\/v2\/types\/post"}],"author":[{"embeddable":true,"href":"https:\/\/laserenaradio.cl\/web\/wp-json\/wp\/v2\/users\/2"}],"replies":[{"embeddable":true,"href":"https:\/\/laserenaradio.cl\/web\/wp-json\/wp\/v2\/comments?post=17360"}],"version-history":[{"count":1,"href":"https:\/\/laserenaradio.cl\/web\/wp-json\/wp\/v2\/posts\/17360\/revisions"}],"predecessor-version":[{"id":17361,"href":"https:\/\/laserenaradio.cl\/web\/wp-json\/wp\/v2\/posts\/17360\/revisions\/17361"}],"wp:featuredmedia":[{"embeddable":true,"href":"https:\/\/laserenaradio.cl\/web\/wp-json\/wp\/v2\/media\/17359"}],"wp:attachment":[{"href":"https:\/\/laserenaradio.cl\/web\/wp-json\/wp\/v2\/media?parent=17360"}],"wp:term":[{"taxonomy":"category","embeddable":true,"href":"https:\/\/laserenaradio.cl\/web\/wp-json\/wp\/v2\/categories?post=17360"},{"taxonomy":"post_tag","embeddable":true,"href":"https:\/\/laserenaradio.cl\/web\/wp-json\/wp\/v2\/tags?post=17360"}],"curies":[{"name":"wp","href":"https:\/\/api.w.org\/{rel}","templated":true}]}}