{"id":17334,"date":"2025-07-04T21:19:56","date_gmt":"2025-07-05T00:19:56","guid":{"rendered":"https:\/\/laserenaradio.cl\/web\/?p=17334"},"modified":"2025-07-04T21:21:18","modified_gmt":"2025-07-05T00:21:18","slug":"everton-homenajea-a-diogo-jota","status":"publish","type":"post","link":"https:\/\/laserenaradio.cl\/web\/2025\/07\/04\/everton-homenajea-a-diogo-jota\/","title":{"rendered":"Everton homenajea a Diogo Jota."},"content":{"rendered":"\n<p>El Everton, m\u00e1ximo rival del Liverpool en el f\u00fatbol ingl\u00e9s, homenaje\u00f3 al delantero Diogo Jota. Una representaci\u00f3n del club &#8216;toffee&#8217;, con su embajador Ian Snodin y los futbolistas Beto Betuncal y Youssef Chermiti, hizo entrega de ramos de flores en memoria del fallecido atacante portugu\u00e9s frente a la grada principal de Anfield. <\/p>\n\n\n\n<p>La representaci\u00f3n del club ingl\u00e9s sali\u00f3 del propio estadio del Liverpool frente a decenas de fans &#8216;reds&#8217;, que ovacionaron a representantes de su archirrival. La delegaci\u00f3n del Everton se mostr\u00f3 visiblemente emocionada, sobre todo a Snodin, que no pudo contener las l\u00e1grimas.<\/p>\n\n\n\n<p>Tras dejar los dos ramos de flores, de color blanco y azul, se mantuvieron en pie unos segundos mientras guardaban silencio en se\u00f1al de respeto por la p\u00e9rdida de Jota y de su hermano, Andr\u00e9 Silva, en un accidente de coche en Espa\u00f1a en la madrugada del pasado jueves. <\/p>\n\n\n\n<p>Pocos segundos despu\u00e9s, regresaron al interior del estadio, donde fueron recibidos por una comitiva del Liverpool que les agradeci\u00f3 el gesto.<\/p>\n\n\n\n<p>El \u00faltimo gol de la carrera de Diogo Jota fue precisamente ante el Everton, en el conocido como derbi de Merseyside, que venci\u00f3 el conjunto &#8216;red&#8217; el pasado 2 de abril en Anfield.<\/p>\n\n\n\n<figure class=\"wp-block-embed is-type-rich is-provider-twitter wp-block-embed-twitter\"><div class=\"wp-block-embed__wrapper\">\n<div class=\"embed-twitter\"><blockquote class=\"twitter-tweet\" data-width=\"500\" data-dnt=\"true\"><p lang=\"en\" dir=\"ltr\">\ud83d\udc4f classy touch from <a href=\"https:\/\/twitter.com\/Everton?ref_src=twsrc%5Etfw\">@Everton<\/a> just now at Anfield <br><br>\ud83d\udc99\u2764\ufe0f <a href=\"https:\/\/t.co\/cgNYYJxeGZ\">pic.twitter.com\/cgNYYJxeGZ<\/a><\/p>&mdash; The Redmen TV (@TheRedmenTV) <a href=\"https:\/\/twitter.com\/TheRedmenTV\/status\/1941132982687092854?ref_src=twsrc%5Etfw\">July 4, 2025<\/a><\/blockquote><script async src=\"https:\/\/platform.twitter.com\/widgets.js\" charset=\"utf-8\"><\/script><\/div>\n<\/div><\/figure>\n","protected":false},"excerpt":{"rendered":"<p>El Everton, m\u00e1ximo rival del Liverpool en el f\u00fatbol ingl\u00e9s, homenaje\u00f3 al delantero Diogo Jota. Una representaci\u00f3n del club &#8216;toffee&#8217;, con su embajador Ian Snodin y los futbolistas Beto Betuncal y Youssef Chermiti, hizo entrega de ramos de flores en memoria del fallecido atacante portugu\u00e9s frente a la grada principal de Anfield. La representaci\u00f3n del [&hellip;]<\/p>\n","protected":false},"author":2,"featured_media":17333,"comment_status":"closed","ping_status":"open","sticky":false,"template":"","format":"standard","meta":{"_jetpack_memberships_contains_paid_content":false,"jnews-multi-image_gallery":[],"jnews_single_post":{"format":"standard"},"jnews_primary_category":[],"jnews_social_meta":[],"jnews_paywall_metabox":[],"jnews_review":[],"enable_review":"","type":"","name":"","summary":"","brand":"","sku":"","good":[],"bad":[],"score_override":"","override_value":"","rating":[],"price":[],"jnews_override_counter":[],"jnews_post_split":[],"footnotes":""},"categories":[84],"tags":[],"class_list":["post-17334","post","type-post","status-publish","format-standard","has-post-thumbnail","hentry","category-deportes"],"jetpack_featured_media_url":"https:\/\/laserenaradio.cl\/web\/wp-content\/uploads\/2025\/07\/homepiaiextractoscrapimg_webpLiverpoolDiogoJotaEvertonclub_0.webp","jetpack_sharing_enabled":true,"_links":{"self":[{"href":"https:\/\/laserenaradio.cl\/web\/wp-json\/wp\/v2\/posts\/17334","targetHints":{"allow":["GET"]}}],"collection":[{"href":"https:\/\/laserenaradio.cl\/web\/wp-json\/wp\/v2\/posts"}],"about":[{"href":"https:\/\/laserenaradio.cl\/web\/wp-json\/wp\/v2\/types\/post"}],"author":[{"embeddable":true,"href":"https:\/\/laserenaradio.cl\/web\/wp-json\/wp\/v2\/users\/2"}],"replies":[{"embeddable":true,"href":"https:\/\/laserenaradio.cl\/web\/wp-json\/wp\/v2\/comments?post=17334"}],"version-history":[{"count":2,"href":"https:\/\/laserenaradio.cl\/web\/wp-json\/wp\/v2\/posts\/17334\/revisions"}],"predecessor-version":[{"id":17337,"href":"https:\/\/laserenaradio.cl\/web\/wp-json\/wp\/v2\/posts\/17334\/revisions\/17337"}],"wp:featuredmedia":[{"embeddable":true,"href":"https:\/\/laserenaradio.cl\/web\/wp-json\/wp\/v2\/media\/17333"}],"wp:attachment":[{"href":"https:\/\/laserenaradio.cl\/web\/wp-json\/wp\/v2\/media?parent=17334"}],"wp:term":[{"taxonomy":"category","embeddable":true,"href":"https:\/\/laserenaradio.cl\/web\/wp-json\/wp\/v2\/categories?post=17334"},{"taxonomy":"post_tag","embeddable":true,"href":"https:\/\/laserenaradio.cl\/web\/wp-json\/wp\/v2\/tags?post=17334"}],"curies":[{"name":"wp","href":"https:\/\/api.w.org\/{rel}","templated":true}]}}