{"id":17328,"date":"2025-07-04T21:11:51","date_gmt":"2025-07-05T00:11:51","guid":{"rendered":"https:\/\/laserenaradio.cl\/web\/?p=17328"},"modified":"2025-07-04T21:11:51","modified_gmt":"2025-07-05T00:11:51","slug":"thomas-partey-acusado-de-violacion-y-agresion-sexual","status":"publish","type":"post","link":"https:\/\/laserenaradio.cl\/web\/2025\/07\/04\/thomas-partey-acusado-de-violacion-y-agresion-sexual\/","title":{"rendered":"Thomas Partey acusado de violaci\u00f3n y agresi\u00f3n sexual."},"content":{"rendered":"<p>Thomas Partey, exjugador del Arsenal de la Premier League, enfrenta cinco cargos de violaci\u00f3n y uno de agresi\u00f3n sexual seg\u00fan inform\u00f3 Sky News. Las acusaciones provienen de tres mujeres que relatan hechos presumiblemente ocurridos entre 2021 y 2022.<\/p>\n<p>Una de las denunciantes acusa a Partey de dos cargos de violaci\u00f3n, mientras que otra mujer lo cuestiona por tres cargos similares. Una tercera v\u00edctima afirma ser objeto de agresi\u00f3n sexual por el futbolista.<\/p>\n<p>Jaswant Narwal, fiscal brit\u00e1nico, declar\u00f3: &#8220;Se ha autorizado la acusaci\u00f3n contra Partey despu\u00e9s de una cuidadosa revisi\u00f3n de las pruebas recabadas.&#8221; <\/p>\n<p>El jugador ghan\u00e9s de 32 a\u00f1os lleg\u00f3 al Arsenal en 2020 procedente del Atl\u00e9tico de Madrid por un pago de 50 millones de euros, jugando como titular habitual.<\/p>\n<p>La investigaci\u00f3n llevada a cabo durante los \u00faltimos dos y medio a\u00f1os se hizo p\u00fablica tres d\u00edas despu\u00e9s de que Partey finalizara su relaci\u00f3n contractual con el equipo. El conjunto &#8216;Gunner&#8217; estuvo en conversaciones para una posible renovaci\u00f3n, pero no lleg\u00f3 a un acuerdo.<\/p>\n<p>Partey tendr\u00e1 que comparecer ante el tribunal de Westminster el pr\u00f3ximo 5 de agosto.<\/p>\n","protected":false},"excerpt":{"rendered":"<p>Thomas Partey, exjugador del Arsenal de la Premier League, enfrenta cinco cargos de violaci\u00f3n y uno de agresi\u00f3n sexual seg\u00fan inform\u00f3 Sky News. Las acusaciones provienen de tres mujeres que relatan hechos presumiblemente ocurridos entre 2021 y 2022. Una de las denunciantes acusa a Partey de dos cargos de violaci\u00f3n, mientras que otra mujer lo [&hellip;]<\/p>\n","protected":false},"author":2,"featured_media":17327,"comment_status":"closed","ping_status":"open","sticky":false,"template":"","format":"standard","meta":{"_jetpack_memberships_contains_paid_content":false,"jnews-multi-image_gallery":[],"jnews_single_post":[],"jnews_primary_category":[],"jnews_social_meta":[],"jnews_paywall_metabox":[],"jnews_review":[],"enable_review":"","type":"","name":"","summary":"","brand":"","sku":"","good":[],"bad":[],"score_override":"","override_value":"","rating":[],"price":[],"jnews_override_counter":[],"jnews_post_split":[],"footnotes":""},"categories":[84],"tags":[],"class_list":["post-17328","post","type-post","status-publish","format-standard","has-post-thumbnail","hentry","category-deportes"],"jetpack_featured_media_url":"https:\/\/laserenaradio.cl\/web\/wp-content\/uploads\/2025\/07\/homepiaiextractoscrapimg_webpParteycargossexualtres_1.webp","jetpack_sharing_enabled":true,"_links":{"self":[{"href":"https:\/\/laserenaradio.cl\/web\/wp-json\/wp\/v2\/posts\/17328","targetHints":{"allow":["GET"]}}],"collection":[{"href":"https:\/\/laserenaradio.cl\/web\/wp-json\/wp\/v2\/posts"}],"about":[{"href":"https:\/\/laserenaradio.cl\/web\/wp-json\/wp\/v2\/types\/post"}],"author":[{"embeddable":true,"href":"https:\/\/laserenaradio.cl\/web\/wp-json\/wp\/v2\/users\/2"}],"replies":[{"embeddable":true,"href":"https:\/\/laserenaradio.cl\/web\/wp-json\/wp\/v2\/comments?post=17328"}],"version-history":[{"count":1,"href":"https:\/\/laserenaradio.cl\/web\/wp-json\/wp\/v2\/posts\/17328\/revisions"}],"predecessor-version":[{"id":17329,"href":"https:\/\/laserenaradio.cl\/web\/wp-json\/wp\/v2\/posts\/17328\/revisions\/17329"}],"wp:featuredmedia":[{"embeddable":true,"href":"https:\/\/laserenaradio.cl\/web\/wp-json\/wp\/v2\/media\/17327"}],"wp:attachment":[{"href":"https:\/\/laserenaradio.cl\/web\/wp-json\/wp\/v2\/media?parent=17328"}],"wp:term":[{"taxonomy":"category","embeddable":true,"href":"https:\/\/laserenaradio.cl\/web\/wp-json\/wp\/v2\/categories?post=17328"},{"taxonomy":"post_tag","embeddable":true,"href":"https:\/\/laserenaradio.cl\/web\/wp-json\/wp\/v2\/tags?post=17328"}],"curies":[{"name":"wp","href":"https:\/\/api.w.org\/{rel}","templated":true}]}}