{"id":17325,"date":"2025-07-04T21:09:19","date_gmt":"2025-07-05T00:09:19","guid":{"rendered":"https:\/\/laserenaradio.cl\/web\/?p=17325"},"modified":"2025-07-04T21:09:19","modified_gmt":"2025-07-05T00:09:19","slug":"prision-preventiva-para-presunto-integrante-de-los-mapaches-por-secuestro-de-exalcalde-de-macul","status":"publish","type":"post","link":"https:\/\/laserenaradio.cl\/web\/2025\/07\/04\/prision-preventiva-para-presunto-integrante-de-los-mapaches-por-secuestro-de-exalcalde-de-macul\/","title":{"rendered":"Prisi\u00f3n preventiva para presunto integrante de Los Mapaches por secuestro de exalcalde de Macul"},"content":{"rendered":"<p>El \u00fanico detenido por el secuestro del exalcalde de Macul, Gonzalo Montoya, quedar\u00e1 tras las rejas luego de la decretaci\u00f3n de prisi\u00f3n preventiva en su audiencia de formalizaci\u00f3n.<\/p>\n<p>Se trata de Israel Useche, un imputado venezolano de 18 a\u00f1os y presunto miembro de Los Mapaches, una facci\u00f3n del Tren de Aragua. Fue capturado por la BIPE Antisecuestros de la <a href=\"https:\/\/www.pdichile.cl\/\">PDI<\/a>.<\/p>\n<p>El plazo para la investigaci\u00f3n del secuestro ocurrido en junio pasado se fij\u00f3 en 120 d\u00edas.<\/p>\n","protected":false},"excerpt":{"rendered":"<p>El \u00fanico detenido por el secuestro del exalcalde de Macul, Gonzalo Montoya, quedar\u00e1 tras las rejas luego de la decretaci\u00f3n de prisi\u00f3n preventiva en su audiencia de formalizaci\u00f3n. Se trata de Israel Useche, un imputado venezolano de 18 a\u00f1os y presunto miembro de Los Mapaches, una facci\u00f3n del Tren de Aragua. Fue capturado por la [&hellip;]<\/p>\n","protected":false},"author":2,"featured_media":17324,"comment_status":"closed","ping_status":"open","sticky":false,"template":"","format":"standard","meta":{"_jetpack_memberships_contains_paid_content":false,"jnews-multi-image_gallery":[],"jnews_single_post":[],"jnews_primary_category":[],"jnews_social_meta":[],"jnews_paywall_metabox":[],"jnews_review":[],"enable_review":"","type":"","name":"","summary":"","brand":"","sku":"","good":[],"bad":[],"score_override":"","override_value":"","rating":[],"price":[],"jnews_override_counter":[],"jnews_post_split":[],"footnotes":""},"categories":[21],"tags":[],"class_list":["post-17325","post","type-post","status-publish","format-standard","has-post-thumbnail","hentry","category-nacional"],"jetpack_featured_media_url":"https:\/\/laserenaradio.cl\/web\/wp-content\/uploads\/2025\/07\/homepiaiextractoscrapimg_webpsecuestroexalcaldeMaculpreventiva_1.webp","jetpack_sharing_enabled":true,"_links":{"self":[{"href":"https:\/\/laserenaradio.cl\/web\/wp-json\/wp\/v2\/posts\/17325","targetHints":{"allow":["GET"]}}],"collection":[{"href":"https:\/\/laserenaradio.cl\/web\/wp-json\/wp\/v2\/posts"}],"about":[{"href":"https:\/\/laserenaradio.cl\/web\/wp-json\/wp\/v2\/types\/post"}],"author":[{"embeddable":true,"href":"https:\/\/laserenaradio.cl\/web\/wp-json\/wp\/v2\/users\/2"}],"replies":[{"embeddable":true,"href":"https:\/\/laserenaradio.cl\/web\/wp-json\/wp\/v2\/comments?post=17325"}],"version-history":[{"count":1,"href":"https:\/\/laserenaradio.cl\/web\/wp-json\/wp\/v2\/posts\/17325\/revisions"}],"predecessor-version":[{"id":17326,"href":"https:\/\/laserenaradio.cl\/web\/wp-json\/wp\/v2\/posts\/17325\/revisions\/17326"}],"wp:featuredmedia":[{"embeddable":true,"href":"https:\/\/laserenaradio.cl\/web\/wp-json\/wp\/v2\/media\/17324"}],"wp:attachment":[{"href":"https:\/\/laserenaradio.cl\/web\/wp-json\/wp\/v2\/media?parent=17325"}],"wp:term":[{"taxonomy":"category","embeddable":true,"href":"https:\/\/laserenaradio.cl\/web\/wp-json\/wp\/v2\/categories?post=17325"},{"taxonomy":"post_tag","embeddable":true,"href":"https:\/\/laserenaradio.cl\/web\/wp-json\/wp\/v2\/tags?post=17325"}],"curies":[{"name":"wp","href":"https:\/\/api.w.org\/{rel}","templated":true}]}}