{"id":17319,"date":"2025-07-04T20:25:50","date_gmt":"2025-07-04T23:25:50","guid":{"rendered":"https:\/\/laserenaradio.cl\/web\/?p=17319"},"modified":"2025-07-04T20:25:50","modified_gmt":"2025-07-04T23:25:50","slug":"medicos-investigados-por-licencias-medicas-fraudulentas","status":"publish","type":"post","link":"https:\/\/laserenaradio.cl\/web\/2025\/07\/04\/medicos-investigados-por-licencias-medicas-fraudulentas\/","title":{"rendered":"M\u00e9dicos investigados por licencias m\u00e9dicas fraudulentas."},"content":{"rendered":"<p>El Colegio M\u00e9dico (Colmed) ha sido severamente afectado por el esc\u00e1ndalo de las licencias m\u00e9dicas. No solo profesionales que viajaron fuera del pa\u00eds mientras manten\u00edan activa una licencia, como Iv\u00e1n Mendoza, ahora exvicepresidente del Colmed, han sido perjudicados, sino tambi\u00e9n aquellos que otorgaron y hoy son investigados por fraude.<\/p>\n<p>De hecho, actualmente el Poder Judicial investiga a 41 facultativos por la entrega y\/o venta fraudulenta de licencias m\u00e9dicas, 5 de los cuales forman parte del Colegio M\u00e9dico. La Colmed afirm\u00f3 que estos cinco implicados fueron derivados al Tribunal Nacional de \u00c9tica debido a que \u201ceste tipo de conductas no representa al conjunto de nuestros colegiados ni a los miles de m\u00e9dicas y m\u00e9dicos que ejercen con vocaci\u00f3n, compromiso y responsabilidad en todo el pa\u00eds\u201d. En este sentido, subrayaron que \u201cse trata de una minor\u00eda que, de comprobarse los hechos, ha vulnerado de manera inaceptable los principios fundamentales de la profesi\u00f3n m\u00e9dica\u201d.<\/p>\n<p>En paralelo, seg\u00fan CNN Chile, la presidenta del Colmed Santiago, Francisca Crispi, agreg\u00f3 a estos antecedentes que hay 67 m\u00e9dicos investigados por entregas licencias. M\u00e1s all\u00e1 de las posibles sanciones judiciales, en lo que respecta a la interna, las medidas var\u00edan desde amonestaciones hasta la expulsi\u00f3n del colectivo.<\/p>\n<p>Las acciones que puede tomar el Colegio M\u00e9dico en casos como estos, seg\u00fan La Tercera, incluyen una amonestaci\u00f3n privada o censura p\u00fablica, multas, suspensi\u00f3n del colegiado por uno a 24 meses, inhabilitaci\u00f3n para ejercer cargos gremiales por 3 a\u00f1os o la expulsi\u00f3n del gremio. Factores como la gravedad de la falta, la responsabilidad del m\u00e9dico implicado y si hay agravantes o atenuantes, determinan la sanci\u00f3n aplicada.<\/p>\n<p>Es importante destacar que, antiguamente, el Colegio M\u00e9dico tambi\u00e9n ejerc\u00eda la tuici\u00f3n \u00e9tica y ten\u00eda facultades m\u00e1s cruciales para sancionar a sus miembros, incluyendo la cancelaci\u00f3n del t\u00edtulo profesional. Sin embargo, esta posibilidad fue eliminada de los colegios en 1980.<\/p>\n","protected":false},"excerpt":{"rendered":"<p>El Colegio M\u00e9dico (Colmed) ha sido severamente afectado por el esc\u00e1ndalo de las licencias m\u00e9dicas. No solo profesionales que viajaron fuera del pa\u00eds mientras manten\u00edan activa una licencia, como Iv\u00e1n Mendoza, ahora exvicepresidente del Colmed, han sido perjudicados, sino tambi\u00e9n aquellos que otorgaron y hoy son investigados por fraude. De hecho, actualmente el Poder Judicial [&hellip;]<\/p>\n","protected":false},"author":2,"featured_media":17318,"comment_status":"closed","ping_status":"open","sticky":false,"template":"","format":"standard","meta":{"_jetpack_memberships_contains_paid_content":false,"jnews-multi-image_gallery":[],"jnews_single_post":[],"jnews_primary_category":[],"jnews_social_meta":[],"jnews_paywall_metabox":[],"jnews_review":[],"enable_review":"","type":"","name":"","summary":"","brand":"","sku":"","good":[],"bad":[],"score_override":"","override_value":"","rating":[],"price":[],"jnews_override_counter":[],"jnews_post_split":[],"footnotes":""},"categories":[21],"tags":[],"class_list":["post-17319","post","type-post","status-publish","format-standard","has-post-thumbnail","hentry","category-nacional"],"jetpack_featured_media_url":"https:\/\/laserenaradio.cl\/web\/wp-content\/uploads\/2025\/07\/homepiaiextractoscrapimg_predeterminadalaserenaradio_nacional-4.webp","jetpack_sharing_enabled":true,"_links":{"self":[{"href":"https:\/\/laserenaradio.cl\/web\/wp-json\/wp\/v2\/posts\/17319","targetHints":{"allow":["GET"]}}],"collection":[{"href":"https:\/\/laserenaradio.cl\/web\/wp-json\/wp\/v2\/posts"}],"about":[{"href":"https:\/\/laserenaradio.cl\/web\/wp-json\/wp\/v2\/types\/post"}],"author":[{"embeddable":true,"href":"https:\/\/laserenaradio.cl\/web\/wp-json\/wp\/v2\/users\/2"}],"replies":[{"embeddable":true,"href":"https:\/\/laserenaradio.cl\/web\/wp-json\/wp\/v2\/comments?post=17319"}],"version-history":[{"count":1,"href":"https:\/\/laserenaradio.cl\/web\/wp-json\/wp\/v2\/posts\/17319\/revisions"}],"predecessor-version":[{"id":17320,"href":"https:\/\/laserenaradio.cl\/web\/wp-json\/wp\/v2\/posts\/17319\/revisions\/17320"}],"wp:featuredmedia":[{"embeddable":true,"href":"https:\/\/laserenaradio.cl\/web\/wp-json\/wp\/v2\/media\/17318"}],"wp:attachment":[{"href":"https:\/\/laserenaradio.cl\/web\/wp-json\/wp\/v2\/media?parent=17319"}],"wp:term":[{"taxonomy":"category","embeddable":true,"href":"https:\/\/laserenaradio.cl\/web\/wp-json\/wp\/v2\/categories?post=17319"},{"taxonomy":"post_tag","embeddable":true,"href":"https:\/\/laserenaradio.cl\/web\/wp-json\/wp\/v2\/tags?post=17319"}],"curies":[{"name":"wp","href":"https:\/\/api.w.org\/{rel}","templated":true}]}}