{"id":17286,"date":"2025-07-03T11:58:15","date_gmt":"2025-07-03T14:58:15","guid":{"rendered":"https:\/\/laserenaradio.cl\/web\/?p=17286"},"modified":"2025-07-03T11:58:15","modified_gmt":"2025-07-03T14:58:15","slug":"erick-pulgar-sera-operado-por-fractura-en-el-pie","status":"publish","type":"post","link":"https:\/\/laserenaradio.cl\/web\/2025\/07\/03\/erick-pulgar-sera-operado-por-fractura-en-el-pie\/","title":{"rendered":"Erick Pulgar ser\u00e1 operado por fractura en el pie"},"content":{"rendered":"<p>El chileno Erick Pulgar, jugador del Flamengo, ser\u00e1 operado de una fractura en el pie derecho, despu\u00e9s de que nuevos ex\u00e1menes m\u00e9dicos confirmaran la herida, inform\u00f3 este mi\u00e9rcoles el club.<\/p>\n<p>El procedimiento quir\u00fargico ser\u00e1 realizado este jueves en Chile, pa\u00eds donde el jugador iniciar\u00e1 \u00abinmediatamente\u00bb el proceso de recuperaci\u00f3n, seg\u00fan el comunicado oficial. Tras lo ocurrido, el futbolista nacional fue sometido a una resonancia magn\u00e9tica y a una tomograf\u00eda que apuntaron a una fractura en el quinto metatarso, la parte media del pie que ya se hab\u00eda lesionado en 2023, por lo que el departamento m\u00e9dico del club carioca le recomend\u00f3 pasar por el quir\u00f3fano.<\/p>\n<p>Cabe recordar que el mediocampista de 31 a\u00f1os se lesion\u00f3 durante el partido del pasado domingo contra el Bayern M\u00fanich, en el marco del Mundial de Clubes que se celebra en Estados Unidos. En aquel cruce, Pulgar fue responsable por un gol en propia puerta a los pocos minutos de iniciar el partido, y Flamengo termin\u00f3 perdiendo 2-4 frente al equipo alem\u00e1n.<\/p>\n<p>El futbolista, que milita en Brasil desde 2022, cuenta con pasos por el Galatasaray turco, el Bologna italiano, Universidad Cat\u00f3lica y Deportes Antofagasta.<\/p>\n","protected":false},"excerpt":{"rendered":"<p>El chileno Erick Pulgar, jugador del Flamengo, ser\u00e1 operado de una fractura en el pie derecho, despu\u00e9s de que nuevos ex\u00e1menes m\u00e9dicos confirmaran la herida, inform\u00f3 este mi\u00e9rcoles el club. El procedimiento quir\u00fargico ser\u00e1 realizado este jueves en Chile, pa\u00eds donde el jugador iniciar\u00e1 \u00abinmediatamente\u00bb el proceso de recuperaci\u00f3n, seg\u00fan el comunicado oficial. Tras lo [&hellip;]<\/p>\n","protected":false},"author":2,"featured_media":17285,"comment_status":"closed","ping_status":"open","sticky":false,"template":"","format":"standard","meta":{"_jetpack_memberships_contains_paid_content":false,"jnews-multi-image_gallery":[],"jnews_single_post":[],"jnews_primary_category":[],"jnews_social_meta":[],"jnews_paywall_metabox":[],"jnews_review":[],"enable_review":"","type":"","name":"","summary":"","brand":"","sku":"","good":[],"bad":[],"score_override":"","override_value":"","rating":[],"price":[],"jnews_override_counter":[],"jnews_post_split":[],"footnotes":""},"categories":[84],"tags":[],"class_list":["post-17286","post","type-post","status-publish","format-standard","has-post-thumbnail","hentry","category-deportes"],"jetpack_featured_media_url":"https:\/\/laserenaradio.cl\/web\/wp-content\/uploads\/2025\/07\/homepiaiextractoscrapimg_webpfracturapieErickPulgarjugador_1.webp","jetpack_sharing_enabled":true,"_links":{"self":[{"href":"https:\/\/laserenaradio.cl\/web\/wp-json\/wp\/v2\/posts\/17286","targetHints":{"allow":["GET"]}}],"collection":[{"href":"https:\/\/laserenaradio.cl\/web\/wp-json\/wp\/v2\/posts"}],"about":[{"href":"https:\/\/laserenaradio.cl\/web\/wp-json\/wp\/v2\/types\/post"}],"author":[{"embeddable":true,"href":"https:\/\/laserenaradio.cl\/web\/wp-json\/wp\/v2\/users\/2"}],"replies":[{"embeddable":true,"href":"https:\/\/laserenaradio.cl\/web\/wp-json\/wp\/v2\/comments?post=17286"}],"version-history":[{"count":1,"href":"https:\/\/laserenaradio.cl\/web\/wp-json\/wp\/v2\/posts\/17286\/revisions"}],"predecessor-version":[{"id":17287,"href":"https:\/\/laserenaradio.cl\/web\/wp-json\/wp\/v2\/posts\/17286\/revisions\/17287"}],"wp:featuredmedia":[{"embeddable":true,"href":"https:\/\/laserenaradio.cl\/web\/wp-json\/wp\/v2\/media\/17285"}],"wp:attachment":[{"href":"https:\/\/laserenaradio.cl\/web\/wp-json\/wp\/v2\/media?parent=17286"}],"wp:term":[{"taxonomy":"category","embeddable":true,"href":"https:\/\/laserenaradio.cl\/web\/wp-json\/wp\/v2\/categories?post=17286"},{"taxonomy":"post_tag","embeddable":true,"href":"https:\/\/laserenaradio.cl\/web\/wp-json\/wp\/v2\/tags?post=17286"}],"curies":[{"name":"wp","href":"https:\/\/api.w.org\/{rel}","templated":true}]}}