{"id":17283,"date":"2025-07-03T11:22:50","date_gmt":"2025-07-03T14:22:50","guid":{"rendered":"https:\/\/laserenaradio.cl\/web\/?p=17283"},"modified":"2025-07-03T11:22:50","modified_gmt":"2025-07-03T14:22:50","slug":"detienen-a-14-personas-por-trafico-de-drogas-en-coquimbo","status":"publish","type":"post","link":"https:\/\/laserenaradio.cl\/web\/2025\/07\/03\/detienen-a-14-personas-por-trafico-de-drogas-en-coquimbo\/","title":{"rendered":"Detienen a 14 personas por tr\u00e1fico de drogas en Coquimbo."},"content":{"rendered":"<p>Esta semana, la Polic\u00eda de Investigaciones logr\u00f3 la detenci\u00f3n de 14 personas pertenecientes a una red de tr\u00e1fico de droga, y consigo la incautaci\u00f3n de 84 kilos de cannabis procesada en la regi\u00f3n de Coquimbo. Se trat\u00f3 de un megaoperativo encabezado por la Brigada Investigadora del Crimen Organizado en tres etapas distintas.<\/p>\n<p>El jefe nacional Contra el Crimen Organizado (s), prefecto Christian Ch\u00e1vez, detall\u00f3 que la investigaci\u00f3n se llev\u00f3 a cabo en conjunto con la <a href=\"https:\/\/www.fiscaliadechile.cl\/\">Fiscal\u00eda<\/a> Regional Metropolitana Sur, permitiendo la detenci\u00f3n de los involucrados en La Serena, Vicu\u00f1a y Copiap\u00f3. Adem\u00e1s, se allanaron 26 domicilios en las ciudades antes mencionadas, al igual que en Coquimbo, Ovalle, Pe\u00f1ablanca y otros puntos de la zona.<\/p>\n<p>Los detenidos son 12 personas chilenas y dos ciudadanos colombianos en situaci\u00f3n migratoria regular. Se dedicaban al cultivo y comercializaci\u00f3n con env\u00edo a la regi\u00f3n Metropolitana. El prefecto Ch\u00e1vez se\u00f1al\u00f3 que, tras cultivar el cannabis, los sujetos escond\u00edan la producci\u00f3n en tambores, que luego enterraban a m\u00e1s de 1 metro de profundidad en parcelas colindantes.<\/p>\n<p>El fiscal H\u00e9ctor Barros, de la <a href=\"https:\/\/www.fiscaliadechile.cl\/\">Fiscal\u00eda<\/a> Metropolitana Sur, afirm\u00f3: &#8220;si bien es producci\u00f3n nacional, este es el tipo de droga que llega a nuestras poblaciones y que genera el circuito de la delincuencia violenta, en este caso la comisi\u00f3n de delitos de lesiones, homicidios, homicidios frustrados que se cometen en contexto de esta droga&#8221;.<\/p>\n<p>El subsecretario de Seguridad, Rafael Collado, destac\u00f3 el trabajo de la instituci\u00f3n al afirmar: &#8220;la Polic\u00eda de Investigaciones hoy d\u00eda logra desbaratar una organizaci\u00f3n criminal completa&#8221;. \u00c9l agreg\u00f3 que el trabajo investigativo, realizado en conjunto con la <a href=\"https:\/\/www.fiscaliadechile.cl\/\">Fiscal\u00eda<\/a> Sur, permite conocer la estratificaci\u00f3n de una organizaci\u00f3n, los l\u00edderes, los coordinadores y los brazos operativos de esta organizaci\u00f3n.<\/p>\n<p>Finalmente, los 14 detenidos ser\u00e1n formalizados por tr\u00e1fico de droga, asociaci\u00f3n il\u00edcita y lavado de activos.<\/p>\n","protected":false},"excerpt":{"rendered":"<p>Esta semana, la Polic\u00eda de Investigaciones logr\u00f3 la detenci\u00f3n de 14 personas pertenecientes a una red de tr\u00e1fico de droga, y consigo la incautaci\u00f3n de 84 kilos de cannabis procesada en la regi\u00f3n de Coquimbo. Se trat\u00f3 de un megaoperativo encabezado por la Brigada Investigadora del Crimen Organizado en tres etapas distintas. El jefe nacional [&hellip;]<\/p>\n","protected":false},"author":2,"featured_media":17282,"comment_status":"closed","ping_status":"open","sticky":false,"template":"","format":"standard","meta":{"_jetpack_memberships_contains_paid_content":false,"jnews-multi-image_gallery":[],"jnews_single_post":[],"jnews_primary_category":[],"jnews_social_meta":[],"jnews_paywall_metabox":[],"jnews_review":[],"enable_review":"","type":"","name":"","summary":"","brand":"","sku":"","good":[],"bad":[],"score_override":"","override_value":"","rating":[],"price":[],"jnews_override_counter":[],"jnews_post_split":[],"footnotes":""},"categories":[21],"tags":[],"class_list":["post-17283","post","type-post","status-publish","format-standard","has-post-thumbnail","hentry","category-nacional"],"jetpack_featured_media_url":"https:\/\/laserenaradio.cl\/web\/wp-content\/uploads\/2025\/07\/homepiaiextractoscrapimg_webpdrogapersonasCoquimbofiscaliadechile_1.webp","jetpack_sharing_enabled":true,"_links":{"self":[{"href":"https:\/\/laserenaradio.cl\/web\/wp-json\/wp\/v2\/posts\/17283","targetHints":{"allow":["GET"]}}],"collection":[{"href":"https:\/\/laserenaradio.cl\/web\/wp-json\/wp\/v2\/posts"}],"about":[{"href":"https:\/\/laserenaradio.cl\/web\/wp-json\/wp\/v2\/types\/post"}],"author":[{"embeddable":true,"href":"https:\/\/laserenaradio.cl\/web\/wp-json\/wp\/v2\/users\/2"}],"replies":[{"embeddable":true,"href":"https:\/\/laserenaradio.cl\/web\/wp-json\/wp\/v2\/comments?post=17283"}],"version-history":[{"count":1,"href":"https:\/\/laserenaradio.cl\/web\/wp-json\/wp\/v2\/posts\/17283\/revisions"}],"predecessor-version":[{"id":17284,"href":"https:\/\/laserenaradio.cl\/web\/wp-json\/wp\/v2\/posts\/17283\/revisions\/17284"}],"wp:featuredmedia":[{"embeddable":true,"href":"https:\/\/laserenaradio.cl\/web\/wp-json\/wp\/v2\/media\/17282"}],"wp:attachment":[{"href":"https:\/\/laserenaradio.cl\/web\/wp-json\/wp\/v2\/media?parent=17283"}],"wp:term":[{"taxonomy":"category","embeddable":true,"href":"https:\/\/laserenaradio.cl\/web\/wp-json\/wp\/v2\/categories?post=17283"},{"taxonomy":"post_tag","embeddable":true,"href":"https:\/\/laserenaradio.cl\/web\/wp-json\/wp\/v2\/tags?post=17283"}],"curies":[{"name":"wp","href":"https:\/\/api.w.org\/{rel}","templated":true}]}}