{"id":17280,"date":"2025-07-03T11:19:38","date_gmt":"2025-07-03T14:19:38","guid":{"rendered":"https:\/\/laserenaradio.cl\/web\/?p=17280"},"modified":"2025-07-03T11:19:38","modified_gmt":"2025-07-03T14:19:38","slug":"se-captura-al-profugo-martin-de-los-santos-en-brasil","status":"publish","type":"post","link":"https:\/\/laserenaradio.cl\/web\/2025\/07\/03\/se-captura-al-profugo-martin-de-los-santos-en-brasil\/","title":{"rendered":"Se captura al pr\u00f3fugo Mart\u00edn de Los Santos en Brasil."},"content":{"rendered":"<p>La Polic\u00eda Federal de Brasil, junto con la Polic\u00eda de Investigaciones (<a href=\"https:\/\/www.pdichile.cl\/\">PDI<\/a>), logr\u00f3 detener a Mart\u00edn de Los Santos por lesiones graves contra un conserje de 70 a\u00f1os en Vitacura. De Los Santos, que deber\u00eda estar cumpliendo prisi\u00f3n preventiva en Chile, fue capturado en Cuiab\u00e1, una ubicaci\u00f3n distinta a la oficialmente manejada. La <a href=\"https:\/\/www.fiscaliadechile.cl\/\">Fiscal\u00eda<\/a> Oriente confirm\u00f3 el s\u00e1bado pasado que el imputado estaba en S\u00e3o Paulo seg\u00fan informes de Interpol.<\/p>\n<p>Con notificaci\u00f3n roja de Interpol debido a su presencia en Brasil desde el 19 de junio, De Los Santos hab\u00eda viajado con Latam al destino de Florian\u00f3polis, Santa Catarina, antes de ser detenido. Esta ubicaci\u00f3n final difiere significativamente de la \u00faltima conocida.<\/p>\n<p>El viernes a las 9:00 horas se realizar\u00e1 una audiencia para revisar la solicitud de extradici\u00f3n presentada por el Ministerio P\u00fablico.<\/p>\n","protected":false},"excerpt":{"rendered":"<p>La Polic\u00eda Federal de Brasil, junto con la Polic\u00eda de Investigaciones (PDI), logr\u00f3 detener a Mart\u00edn de Los Santos por lesiones graves contra un conserje de 70 a\u00f1os en Vitacura. De Los Santos, que deber\u00eda estar cumpliendo prisi\u00f3n preventiva en Chile, fue capturado en Cuiab\u00e1, una ubicaci\u00f3n distinta a la oficialmente manejada. La Fiscal\u00eda Oriente [&hellip;]<\/p>\n","protected":false},"author":2,"featured_media":17279,"comment_status":"closed","ping_status":"open","sticky":false,"template":"","format":"standard","meta":{"_jetpack_memberships_contains_paid_content":false,"jnews-multi-image_gallery":[],"jnews_single_post":[],"jnews_primary_category":[],"jnews_social_meta":[],"jnews_paywall_metabox":[],"jnews_review":[],"enable_review":"","type":"","name":"","summary":"","brand":"","sku":"","good":[],"bad":[],"score_override":"","override_value":"","rating":[],"price":[],"jnews_override_counter":[],"jnews_post_split":[],"footnotes":""},"categories":[21],"tags":[],"class_list":["post-17280","post","type-post","status-publish","format-standard","has-post-thumbnail","hentry","category-nacional"],"jetpack_featured_media_url":"https:\/\/laserenaradio.cl\/web\/wp-content\/uploads\/2025\/07\/homepiaiextractoscrapimg_webpBrasilInterpolFederaljunto_0.webp","jetpack_sharing_enabled":true,"_links":{"self":[{"href":"https:\/\/laserenaradio.cl\/web\/wp-json\/wp\/v2\/posts\/17280","targetHints":{"allow":["GET"]}}],"collection":[{"href":"https:\/\/laserenaradio.cl\/web\/wp-json\/wp\/v2\/posts"}],"about":[{"href":"https:\/\/laserenaradio.cl\/web\/wp-json\/wp\/v2\/types\/post"}],"author":[{"embeddable":true,"href":"https:\/\/laserenaradio.cl\/web\/wp-json\/wp\/v2\/users\/2"}],"replies":[{"embeddable":true,"href":"https:\/\/laserenaradio.cl\/web\/wp-json\/wp\/v2\/comments?post=17280"}],"version-history":[{"count":1,"href":"https:\/\/laserenaradio.cl\/web\/wp-json\/wp\/v2\/posts\/17280\/revisions"}],"predecessor-version":[{"id":17281,"href":"https:\/\/laserenaradio.cl\/web\/wp-json\/wp\/v2\/posts\/17280\/revisions\/17281"}],"wp:featuredmedia":[{"embeddable":true,"href":"https:\/\/laserenaradio.cl\/web\/wp-json\/wp\/v2\/media\/17279"}],"wp:attachment":[{"href":"https:\/\/laserenaradio.cl\/web\/wp-json\/wp\/v2\/media?parent=17280"}],"wp:term":[{"taxonomy":"category","embeddable":true,"href":"https:\/\/laserenaradio.cl\/web\/wp-json\/wp\/v2\/categories?post=17280"},{"taxonomy":"post_tag","embeddable":true,"href":"https:\/\/laserenaradio.cl\/web\/wp-json\/wp\/v2\/tags?post=17280"}],"curies":[{"name":"wp","href":"https:\/\/api.w.org\/{rel}","templated":true}]}}