{"id":17276,"date":"2025-07-03T11:11:35","date_gmt":"2025-07-03T14:11:35","guid":{"rendered":"https:\/\/laserenaradio.cl\/web\/?p=17276"},"modified":"2025-07-03T11:14:17","modified_gmt":"2025-07-03T14:14:17","slug":"afficionados-le-rinden-homenaje-a-diogo-jota-tras-su-fallecimiento","status":"publish","type":"post","link":"https:\/\/laserenaradio.cl\/web\/2025\/07\/03\/afficionados-le-rinden-homenaje-a-diogo-jota-tras-su-fallecimiento\/","title":{"rendered":"Afficionados le rinden homenaje a Diogo Jota tras su fallecimiento"},"content":{"rendered":"\n<p>Varios aficionados han comenzado a homenajear a Diogo Jota en Anfield, el estadio del Liverpool, donde las banderas ondean a media asta tras el fallecimiento del futbolista esta madrugada en un accidente de tr\u00e1fico. La afici\u00f3n &#8216;red&#8217; ha iniciado la pr\u00e1ctica de depositar flores en la estatua de Bill Shankly y, sobre todo, enfrente del homenaje a las 97 v\u00edctimas de la tragedia de Hillsborough. All\u00ed, adem\u00e1s de ofrendas florales, se encuentran bufandas del Liverpool, camisetas de Jota y mensajes al desaparecido jugador portugu\u00e9s. &#8220;Te deseamos lo mejor. Descansa en paz, Diogo&#8221;, reza una de las cartas que han dedicado al futbolista.<\/p>\n\n\n\n<p>El Liverpool, que expres\u00f3 estar &#8220;destrozado&#8221; en un comunicado por la p\u00e9rdida del jugador, ha puesto las banderas a media asta en los alrededores del estadio. Vale mencionar que Diogo Jota (28 a\u00f1os), junto a su hermano Andr\u00e9 (26), murieron esta madrugada en un accidente de tr\u00e1nsito ocurrido en Zamora (Espa\u00f1a) cuando, por causas que se investigan, el Lamborghini donde se movilizaban se sali\u00f3 de la autov\u00eda.<\/p>\n\n\n\n<figure class=\"wp-block-embed is-type-rich is-provider-twitter wp-block-embed-twitter\"><div class=\"wp-block-embed__wrapper\">\n<div class=\"embed-twitter\"><blockquote class=\"twitter-tweet\" data-width=\"500\" data-dnt=\"true\"><p lang=\"es\" dir=\"ltr\">El dolor de los hinchas: los fan\u00e1ticos de Liverpool comienzan a dejar sus ofrendas por Diogo Jota en Anfield. <a href=\"https:\/\/t.co\/4bXdk7QSY9\">pic.twitter.com\/4bXdk7QSY9<\/a><\/p>&mdash; SportsCenter (@SC_ESPN) <a href=\"https:\/\/twitter.com\/SC_ESPN\/status\/1940732571882856866?ref_src=twsrc%5Etfw\">July 3, 2025<\/a><\/blockquote><script async src=\"https:\/\/platform.twitter.com\/widgets.js\" charset=\"utf-8\"><\/script><\/div>\n<\/div><\/figure>\n","protected":false},"excerpt":{"rendered":"<p>Varios aficionados han comenzado a homenajear a Diogo Jota en Anfield, el estadio del Liverpool, donde las banderas ondean a media asta tras el fallecimiento del futbolista esta madrugada en un accidente de tr\u00e1fico. La afici\u00f3n &#8216;red&#8217; ha iniciado la pr\u00e1ctica de depositar flores en la estatua de Bill Shankly y, sobre todo, enfrente del [&hellip;]<\/p>\n","protected":false},"author":2,"featured_media":17275,"comment_status":"closed","ping_status":"open","sticky":false,"template":"","format":"standard","meta":{"_jetpack_memberships_contains_paid_content":false,"jnews-multi-image_gallery":[],"jnews_single_post":{"format":"standard"},"jnews_primary_category":[],"jnews_social_meta":[],"jnews_paywall_metabox":[],"jnews_review":[],"enable_review":"","type":"","name":"","summary":"","brand":"","sku":"","good":[],"bad":[],"score_override":"","override_value":"","rating":[],"price":[],"jnews_override_counter":[],"jnews_post_split":[],"footnotes":""},"categories":[84],"tags":[],"class_list":["post-17276","post","type-post","status-publish","format-standard","has-post-thumbnail","hentry","category-deportes"],"jetpack_featured_media_url":"https:\/\/laserenaradio.cl\/web\/wp-content\/uploads\/2025\/07\/homepiaiextractoscrapimg_webpDiogoJotaestadioLiverpoolbanderas_1.webp","jetpack_sharing_enabled":true,"_links":{"self":[{"href":"https:\/\/laserenaradio.cl\/web\/wp-json\/wp\/v2\/posts\/17276","targetHints":{"allow":["GET"]}}],"collection":[{"href":"https:\/\/laserenaradio.cl\/web\/wp-json\/wp\/v2\/posts"}],"about":[{"href":"https:\/\/laserenaradio.cl\/web\/wp-json\/wp\/v2\/types\/post"}],"author":[{"embeddable":true,"href":"https:\/\/laserenaradio.cl\/web\/wp-json\/wp\/v2\/users\/2"}],"replies":[{"embeddable":true,"href":"https:\/\/laserenaradio.cl\/web\/wp-json\/wp\/v2\/comments?post=17276"}],"version-history":[{"count":2,"href":"https:\/\/laserenaradio.cl\/web\/wp-json\/wp\/v2\/posts\/17276\/revisions"}],"predecessor-version":[{"id":17278,"href":"https:\/\/laserenaradio.cl\/web\/wp-json\/wp\/v2\/posts\/17276\/revisions\/17278"}],"wp:featuredmedia":[{"embeddable":true,"href":"https:\/\/laserenaradio.cl\/web\/wp-json\/wp\/v2\/media\/17275"}],"wp:attachment":[{"href":"https:\/\/laserenaradio.cl\/web\/wp-json\/wp\/v2\/media?parent=17276"}],"wp:term":[{"taxonomy":"category","embeddable":true,"href":"https:\/\/laserenaradio.cl\/web\/wp-json\/wp\/v2\/categories?post=17276"},{"taxonomy":"post_tag","embeddable":true,"href":"https:\/\/laserenaradio.cl\/web\/wp-json\/wp\/v2\/tags?post=17276"}],"curies":[{"name":"wp","href":"https:\/\/api.w.org\/{rel}","templated":true}]}}