{"id":17273,"date":"2025-07-03T11:07:40","date_gmt":"2025-07-03T14:07:40","guid":{"rendered":"https:\/\/laserenaradio.cl\/web\/?p=17273"},"modified":"2025-07-03T11:07:40","modified_gmt":"2025-07-03T14:07:40","slug":"muere-diogo-jota-en-accidente-de-transito","status":"publish","type":"post","link":"https:\/\/laserenaradio.cl\/web\/2025\/07\/03\/muere-diogo-jota-en-accidente-de-transito\/","title":{"rendered":"Muere Diogo Jota en accidente de tr\u00e1nsito."},"content":{"rendered":"<p>La muerte del delantero de Liverpool, Diogo Jota, a los 28 a\u00f1os, ha conmocionado al mundo del f\u00fatbol. Tr\u00e1gicamente, el atacante y su hermano de 26 a\u00f1os fallecieron en un accidente de tr\u00e1nsito que dej\u00f3 como consecuencia la quema de su Lamborghini. La tragedia fue inesperada, ya que Jota hab\u00eda sido protagonista recientemente al ganar con Portugal la Liga de Naciones de la UEFA.<\/p>\n<p>Recientemente, el futbolista celebr\u00f3 otro hito personal: se cas\u00f3 con Rute Cardoso el 22 de junio pasado. Su v\u00ednculo sentimental y familiar era fuerte; hab\u00edan conocido en la adolescencia y juntos ten\u00edan tres hijos. La boda representaba un momento especial para Jota, quien subi\u00f3 a Instagram recientemente un video editado con anotaciones de ese d\u00eda, acompa\u00f1\u00e1ndolo con el mensaje: &#8220;Un d\u00eda que nunca olvidaremos&#8221;.<\/p>\n<p>Cardoso tambi\u00e9n comparti\u00f3 momentos de felicidad conjunta en redes sociales, y Jota respondi\u00f3 expresando gratitud por su relaci\u00f3n. La muerte de Diogo Jota dej\u00f3 a todos consternados, recordando la brevedad e impredecibilidad de la vida.<\/p>\n","protected":false},"excerpt":{"rendered":"<p>La muerte del delantero de Liverpool, Diogo Jota, a los 28 a\u00f1os, ha conmocionado al mundo del f\u00fatbol. Tr\u00e1gicamente, el atacante y su hermano de 26 a\u00f1os fallecieron en un accidente de tr\u00e1nsito que dej\u00f3 como consecuencia la quema de su Lamborghini. La tragedia fue inesperada, ya que Jota hab\u00eda sido protagonista recientemente al ganar [&hellip;]<\/p>\n","protected":false},"author":2,"featured_media":17272,"comment_status":"closed","ping_status":"open","sticky":false,"template":"","format":"standard","meta":{"_jetpack_memberships_contains_paid_content":false,"jnews-multi-image_gallery":[],"jnews_single_post":[],"jnews_primary_category":[],"jnews_social_meta":[],"jnews_paywall_metabox":[],"jnews_review":[],"enable_review":"","type":"","name":"","summary":"","brand":"","sku":"","good":[],"bad":[],"score_override":"","override_value":"","rating":[],"price":[],"jnews_override_counter":[],"jnews_post_split":[],"footnotes":""},"categories":[84],"tags":[],"class_list":["post-17273","post","type-post","status-publish","format-standard","has-post-thumbnail","hentry","category-deportes"],"jetpack_featured_media_url":"https:\/\/laserenaradio.cl\/web\/wp-content\/uploads\/2025\/07\/homepiaiextractoscrapimg_webpJotamuerteDiogoJotaaccidente_0.webp","jetpack_sharing_enabled":true,"_links":{"self":[{"href":"https:\/\/laserenaradio.cl\/web\/wp-json\/wp\/v2\/posts\/17273","targetHints":{"allow":["GET"]}}],"collection":[{"href":"https:\/\/laserenaradio.cl\/web\/wp-json\/wp\/v2\/posts"}],"about":[{"href":"https:\/\/laserenaradio.cl\/web\/wp-json\/wp\/v2\/types\/post"}],"author":[{"embeddable":true,"href":"https:\/\/laserenaradio.cl\/web\/wp-json\/wp\/v2\/users\/2"}],"replies":[{"embeddable":true,"href":"https:\/\/laserenaradio.cl\/web\/wp-json\/wp\/v2\/comments?post=17273"}],"version-history":[{"count":1,"href":"https:\/\/laserenaradio.cl\/web\/wp-json\/wp\/v2\/posts\/17273\/revisions"}],"predecessor-version":[{"id":17274,"href":"https:\/\/laserenaradio.cl\/web\/wp-json\/wp\/v2\/posts\/17273\/revisions\/17274"}],"wp:featuredmedia":[{"embeddable":true,"href":"https:\/\/laserenaradio.cl\/web\/wp-json\/wp\/v2\/media\/17272"}],"wp:attachment":[{"href":"https:\/\/laserenaradio.cl\/web\/wp-json\/wp\/v2\/media?parent=17273"}],"wp:term":[{"taxonomy":"category","embeddable":true,"href":"https:\/\/laserenaradio.cl\/web\/wp-json\/wp\/v2\/categories?post=17273"},{"taxonomy":"post_tag","embeddable":true,"href":"https:\/\/laserenaradio.cl\/web\/wp-json\/wp\/v2\/tags?post=17273"}],"curies":[{"name":"wp","href":"https:\/\/api.w.org\/{rel}","templated":true}]}}