{"id":17264,"date":"2025-07-02T20:34:48","date_gmt":"2025-07-02T23:34:48","guid":{"rendered":"https:\/\/laserenaradio.cl\/web\/?p=17264"},"modified":"2025-07-02T20:34:48","modified_gmt":"2025-07-02T23:34:48","slug":"coquimbo-unido-avanzo-a-cuartos-de-final-de-copa-chile","status":"publish","type":"post","link":"https:\/\/laserenaradio.cl\/web\/2025\/07\/02\/coquimbo-unido-avanzo-a-cuartos-de-final-de-copa-chile\/","title":{"rendered":"Coquimbo Unido avanz\u00f3 a cuartos de final de Copa Chile."},"content":{"rendered":"<p>Coquimbo Unido accedi\u00f3 con propiedad este mi\u00e9rcoles a los cuartos de final de la Copa Chile 2025, luego de golear a domicilio por 4-1 a Uni\u00f3n La Calera. El cuadro \u2018pirata\u2019, uno de los l\u00edderes de la Liga de Primera, prolong\u00f3 en el estadio \u2018Nicol\u00e1s Chahu\u00e1n\u2019 su s\u00f3lido rendimiento en la temporada.<\/p>\n<p>Timbr\u00f3 un marcador global de 6-2, luego del triunfo 2-1 en la ida. Parec\u00eda que los \u2018cementeros\u2019 dar\u00edan pelea con la apertura de la cuenta a los 7 minutos, obra de Sebasti\u00e1n \u2018Sacha\u2019 S\u00e1ez.<\/p>\n<p>La ventaja del due\u00f1o de casa solo durar\u00eda cuatro minutos, ya que Francisco Salinas estableci\u00f3 a los 11\u2019 la paridad para los aurinegros. Pasada la meda hora de juego, el cuadro que dirige Esteban Gonz\u00e1lez comenz\u00f3 a sentenciar el duelo con las conquistas de Sebasti\u00e1n Galani (34\u2019) y Nicol\u00e1s Johansen (37\u2019).<\/p>\n<p>Ya en los descuentos y cuando jugaban con un jugador m\u00e1s en el campo, por expulsi\u00f3n de Nahuel Brunet (75\u2019) en el local, Coquimbo estructur\u00f3 la goleada. Mat\u00edas Palavecino estableci\u00f3 a los 90+4 minutos el contundente marcador final a favor de los nortinos, puntero junto a Audax de la serie de honor del balompi\u00e9 nacional.<\/p>\n<p>Con esto, Coquimbo Unido se meti\u00f3 entre los ocho mejores de la Copa Chile y por el boleto a semifinales enfrentar\u00e1 a Deportes Limache, cuadro que elimin\u00f3 en octavos a Cobreloa.<\/p>\n","protected":false},"excerpt":{"rendered":"<p>Coquimbo Unido accedi\u00f3 con propiedad este mi\u00e9rcoles a los cuartos de final de la Copa Chile 2025, luego de golear a domicilio por 4-1 a Uni\u00f3n La Calera. El cuadro \u2018pirata\u2019, uno de los l\u00edderes de la Liga de Primera, prolong\u00f3 en el estadio \u2018Nicol\u00e1s Chahu\u00e1n\u2019 su s\u00f3lido rendimiento en la temporada. Timbr\u00f3 un marcador [&hellip;]<\/p>\n","protected":false},"author":2,"featured_media":17263,"comment_status":"closed","ping_status":"open","sticky":false,"template":"","format":"standard","meta":{"_jetpack_memberships_contains_paid_content":false,"jnews-multi-image_gallery":[],"jnews_single_post":[],"jnews_primary_category":[],"jnews_social_meta":[],"jnews_paywall_metabox":[],"jnews_review":[],"enable_review":"","type":"","name":"","summary":"","brand":"","sku":"","good":[],"bad":[],"score_override":"","override_value":"","rating":[],"price":[],"jnews_override_counter":[],"jnews_post_split":[],"footnotes":""},"categories":[84],"tags":[],"class_list":["post-17264","post","type-post","status-publish","format-standard","has-post-thumbnail","hentry","category-deportes"],"jetpack_featured_media_url":"https:\/\/laserenaradio.cl\/web\/wp-content\/uploads\/2025\/07\/homepiaiextractoscrapimg_predeterminadalaserenaradio_deportes-2.webp","jetpack_sharing_enabled":true,"_links":{"self":[{"href":"https:\/\/laserenaradio.cl\/web\/wp-json\/wp\/v2\/posts\/17264","targetHints":{"allow":["GET"]}}],"collection":[{"href":"https:\/\/laserenaradio.cl\/web\/wp-json\/wp\/v2\/posts"}],"about":[{"href":"https:\/\/laserenaradio.cl\/web\/wp-json\/wp\/v2\/types\/post"}],"author":[{"embeddable":true,"href":"https:\/\/laserenaradio.cl\/web\/wp-json\/wp\/v2\/users\/2"}],"replies":[{"embeddable":true,"href":"https:\/\/laserenaradio.cl\/web\/wp-json\/wp\/v2\/comments?post=17264"}],"version-history":[{"count":1,"href":"https:\/\/laserenaradio.cl\/web\/wp-json\/wp\/v2\/posts\/17264\/revisions"}],"predecessor-version":[{"id":17265,"href":"https:\/\/laserenaradio.cl\/web\/wp-json\/wp\/v2\/posts\/17264\/revisions\/17265"}],"wp:featuredmedia":[{"embeddable":true,"href":"https:\/\/laserenaradio.cl\/web\/wp-json\/wp\/v2\/media\/17263"}],"wp:attachment":[{"href":"https:\/\/laserenaradio.cl\/web\/wp-json\/wp\/v2\/media?parent=17264"}],"wp:term":[{"taxonomy":"category","embeddable":true,"href":"https:\/\/laserenaradio.cl\/web\/wp-json\/wp\/v2\/categories?post=17264"},{"taxonomy":"post_tag","embeddable":true,"href":"https:\/\/laserenaradio.cl\/web\/wp-json\/wp\/v2\/tags?post=17264"}],"curies":[{"name":"wp","href":"https:\/\/api.w.org\/{rel}","templated":true}]}}