{"id":17258,"date":"2025-07-02T20:27:47","date_gmt":"2025-07-02T23:27:47","guid":{"rendered":"https:\/\/laserenaradio.cl\/web\/?p=17258"},"modified":"2025-07-02T20:27:47","modified_gmt":"2025-07-02T23:27:47","slug":"detienen-a-tercer-imputado-por-secuestro-y-muerte-de-personas-inocentes-en-santiago","status":"publish","type":"post","link":"https:\/\/laserenaradio.cl\/web\/2025\/07\/02\/detienen-a-tercer-imputado-por-secuestro-y-muerte-de-personas-inocentes-en-santiago\/","title":{"rendered":"Detienen a tercer imputado por secuestro y muerte de personas inocentes en Santiago."},"content":{"rendered":"<p><a href=\"https:\/\/www.carabineros.cl\/\">Carabineros<\/a> y la <a href=\"https:\/\/www.fiscaliadechile.cl\/\">Fiscal\u00eda<\/a> ECOH informaron la detenci\u00f3n de un tercer imputado por el secuestro de un comerciante de Lo Valledor. Este caso termin\u00f3 con la muerte de dos personas inocentes tras una fatal colisi\u00f3n en la Alameda, el pasado viernes 6 de junio.<\/p>\n<p>Se trata de un ciudadano venezolano que entregaba informaci\u00f3n sobre posibles v\u00edctimas a los dos sujetos detenidos anteriormente, quienes permanecen en prisi\u00f3n preventiva y fueron identificados como integrantes del Tren de Aragua.<\/p>\n<p>Desde el Equipo contra el Crimen Organizado y Homicidios (ECOH) del Ministerio P\u00fablico confirmaron que el nuevo aprehendido es quien condujo el veh\u00edculo que fue a buscar al comerciante de Lo Valledor. En un principio, este individuo asegur\u00f3 haber sido v\u00edctima de robo y que por ello abandon\u00f3 el autom\u00f3vil tras ser intimidado; versi\u00f3n que fue descartada posteriormente.<\/p>\n","protected":false},"excerpt":{"rendered":"<p>Carabineros y la Fiscal\u00eda ECOH informaron la detenci\u00f3n de un tercer imputado por el secuestro de un comerciante de Lo Valledor. Este caso termin\u00f3 con la muerte de dos personas inocentes tras una fatal colisi\u00f3n en la Alameda, el pasado viernes 6 de junio. Se trata de un ciudadano venezolano que entregaba informaci\u00f3n sobre posibles [&hellip;]<\/p>\n","protected":false},"author":2,"featured_media":17257,"comment_status":"closed","ping_status":"open","sticky":false,"template":"","format":"standard","meta":{"_jetpack_memberships_contains_paid_content":false,"jnews-multi-image_gallery":[],"jnews_single_post":[],"jnews_primary_category":[],"jnews_social_meta":[],"jnews_paywall_metabox":[],"jnews_review":[],"enable_review":"","type":"","name":"","summary":"","brand":"","sku":"","good":[],"bad":[],"score_override":"","override_value":"","rating":[],"price":[],"jnews_override_counter":[],"jnews_post_split":[],"footnotes":""},"categories":[21],"tags":[],"class_list":["post-17258","post","type-post","status-publish","format-standard","has-post-thumbnail","hentry","category-nacional"],"jetpack_featured_media_url":"https:\/\/laserenaradio.cl\/web\/wp-content\/uploads\/2025\/07\/homepiaiextractoscrapimg_webptercerimputadosecuestrocomerciante_0.webp","jetpack_sharing_enabled":true,"_links":{"self":[{"href":"https:\/\/laserenaradio.cl\/web\/wp-json\/wp\/v2\/posts\/17258","targetHints":{"allow":["GET"]}}],"collection":[{"href":"https:\/\/laserenaradio.cl\/web\/wp-json\/wp\/v2\/posts"}],"about":[{"href":"https:\/\/laserenaradio.cl\/web\/wp-json\/wp\/v2\/types\/post"}],"author":[{"embeddable":true,"href":"https:\/\/laserenaradio.cl\/web\/wp-json\/wp\/v2\/users\/2"}],"replies":[{"embeddable":true,"href":"https:\/\/laserenaradio.cl\/web\/wp-json\/wp\/v2\/comments?post=17258"}],"version-history":[{"count":1,"href":"https:\/\/laserenaradio.cl\/web\/wp-json\/wp\/v2\/posts\/17258\/revisions"}],"predecessor-version":[{"id":17259,"href":"https:\/\/laserenaradio.cl\/web\/wp-json\/wp\/v2\/posts\/17258\/revisions\/17259"}],"wp:featuredmedia":[{"embeddable":true,"href":"https:\/\/laserenaradio.cl\/web\/wp-json\/wp\/v2\/media\/17257"}],"wp:attachment":[{"href":"https:\/\/laserenaradio.cl\/web\/wp-json\/wp\/v2\/media?parent=17258"}],"wp:term":[{"taxonomy":"category","embeddable":true,"href":"https:\/\/laserenaradio.cl\/web\/wp-json\/wp\/v2\/categories?post=17258"},{"taxonomy":"post_tag","embeddable":true,"href":"https:\/\/laserenaradio.cl\/web\/wp-json\/wp\/v2\/tags?post=17258"}],"curies":[{"name":"wp","href":"https:\/\/api.w.org\/{rel}","templated":true}]}}