{"id":17255,"date":"2025-07-02T20:25:18","date_gmt":"2025-07-02T23:25:18","guid":{"rendered":"https:\/\/laserenaradio.cl\/web\/?p=17255"},"modified":"2025-07-02T20:25:18","modified_gmt":"2025-07-02T23:25:18","slug":"ricardo-gareca-habla-sobre-las-criticas-de-arturo-vidal","status":"publish","type":"post","link":"https:\/\/laserenaradio.cl\/web\/2025\/07\/02\/ricardo-gareca-habla-sobre-las-criticas-de-arturo-vidal\/","title":{"rendered":"Ricardo Gareca habla sobre las cr\u00edticas de Arturo Vidal."},"content":{"rendered":"<p>Los duros comentarios de Arturo Vidal contra Ricardo Gareca encendieron la pol\u00e9mica en el inicio del proceso del t\u00e9cnico argentino al mando de La Roja.<\/p>\n<p>No obstante, lejos de generar una confrontaci\u00f3n, el \u2018Tigre\u2019 decidi\u00f3 bajarle el perfil al conflicto. Luego del traspi\u00e9 de Chile ante Argentina, en Buenos Aires por las Eliminatorias, Vidal indic\u00f3: \u201cEste hue\u00f3n no ve la Copa Libertadores, solo el campeonato argentino\u201d.<\/p>\n<p>Gareca convers\u00f3 con el programa peruano de YouTube Doble Punta, donde se refiri\u00f3 por primera vez de forma abierta a las cr\u00edticas del \u2018King\u2019, realizadas en septiembre de 2024.<\/p>\n<p>\u201cVidal es un jugador que ama a su selecci\u00f3n. Cuando no fue convocado, se manifest\u00f3 en contra m\u00eda. Son palabras que por ah\u00ed no fueron las m\u00e1s adecuadas, pero interpret\u00e9 que para ellos huev\u00f3n es como para nosotros los argentinos. Ellos no lo toman como una mala palabra, es una manera de expresarse\u201d, explic\u00f3.<\/p>\n<p>El DT de 67 a\u00f1os agreg\u00f3 que no se sinti\u00f3 ofendido en ning\u00fan momento, entendiendo el contexto y la pasi\u00f3n del mediocampista.<\/p>\n<p>\u201cPor supuesto que no es lo aconsejable, pero yo no lo interpret\u00e9 mal. Cuando lo tuve, me di cuenta que es de los que dejan todo por la selecci\u00f3n\u201d, a\u00f1adi\u00f3.<\/p>\n<p>Con ese cap\u00edtulo pr\u00e1cticamente cerrado, Gareca aprovech\u00f3 para explicar por qu\u00e9 Vidal no fue considerado en el arranque de su proceso en el \u2018Equipo de Todos\u2019. \u201cNosotros llegamos y \u00e9l estuvo lesionado en un principio. Despu\u00e9s lleg\u00f3 a Colo Colo, pero le dimos continuidad a un grupo. El equipo dio una respuesta importante y \u00e9l segu\u00eda lesionado. Quer\u00edamos ver c\u00f3mo se desenvolv\u00eda toda esa camada\u201d, afirm\u00f3.<\/p>\n<p>Finalmente, el exseleccionador de Per\u00fa fue claro en que su mirada estaba puesta en el recambio. Lamentablemente para el \u2018Tigre\u2019, su proceso finaliz\u00f3 el pasado 10 de junio con Chile sin opciones de llegar al Mundial 2026.<\/p>\n<p>Los muchachos que son llamados \u00eddolos de la selecci\u00f3n chilena tienen una edad importante. Uno ten\u00eda que empezar a observar a otros, considerando que Chile ven\u00eda de no clasificar a los \u00faltimos Mundiales\u201d.<\/p>\n","protected":false},"excerpt":{"rendered":"<p>Los duros comentarios de Arturo Vidal contra Ricardo Gareca encendieron la pol\u00e9mica en el inicio del proceso del t\u00e9cnico argentino al mando de La Roja. No obstante, lejos de generar una confrontaci\u00f3n, el \u2018Tigre\u2019 decidi\u00f3 bajarle el perfil al conflicto. Luego del traspi\u00e9 de Chile ante Argentina, en Buenos Aires por las Eliminatorias, Vidal indic\u00f3: [&hellip;]<\/p>\n","protected":false},"author":2,"featured_media":17254,"comment_status":"closed","ping_status":"open","sticky":false,"template":"","format":"standard","meta":{"_jetpack_memberships_contains_paid_content":false,"jnews-multi-image_gallery":[],"jnews_single_post":[],"jnews_primary_category":[],"jnews_social_meta":[],"jnews_paywall_metabox":[],"jnews_review":[],"enable_review":"","type":"","name":"","summary":"","brand":"","sku":"","good":[],"bad":[],"score_override":"","override_value":"","rating":[],"price":[],"jnews_override_counter":[],"jnews_post_split":[],"footnotes":""},"categories":[84],"tags":[],"class_list":["post-17255","post","type-post","status-publish","format-standard","has-post-thumbnail","hentry","category-deportes"],"jetpack_featured_media_url":"https:\/\/laserenaradio.cl\/web\/wp-content\/uploads\/2025\/07\/homepiaiextractoscrapimg_webpprocesoChileVidalpero_1.webp","jetpack_sharing_enabled":true,"_links":{"self":[{"href":"https:\/\/laserenaradio.cl\/web\/wp-json\/wp\/v2\/posts\/17255","targetHints":{"allow":["GET"]}}],"collection":[{"href":"https:\/\/laserenaradio.cl\/web\/wp-json\/wp\/v2\/posts"}],"about":[{"href":"https:\/\/laserenaradio.cl\/web\/wp-json\/wp\/v2\/types\/post"}],"author":[{"embeddable":true,"href":"https:\/\/laserenaradio.cl\/web\/wp-json\/wp\/v2\/users\/2"}],"replies":[{"embeddable":true,"href":"https:\/\/laserenaradio.cl\/web\/wp-json\/wp\/v2\/comments?post=17255"}],"version-history":[{"count":1,"href":"https:\/\/laserenaradio.cl\/web\/wp-json\/wp\/v2\/posts\/17255\/revisions"}],"predecessor-version":[{"id":17256,"href":"https:\/\/laserenaradio.cl\/web\/wp-json\/wp\/v2\/posts\/17255\/revisions\/17256"}],"wp:featuredmedia":[{"embeddable":true,"href":"https:\/\/laserenaradio.cl\/web\/wp-json\/wp\/v2\/media\/17254"}],"wp:attachment":[{"href":"https:\/\/laserenaradio.cl\/web\/wp-json\/wp\/v2\/media?parent=17255"}],"wp:term":[{"taxonomy":"category","embeddable":true,"href":"https:\/\/laserenaradio.cl\/web\/wp-json\/wp\/v2\/categories?post=17255"},{"taxonomy":"post_tag","embeddable":true,"href":"https:\/\/laserenaradio.cl\/web\/wp-json\/wp\/v2\/tags?post=17255"}],"curies":[{"name":"wp","href":"https:\/\/api.w.org\/{rel}","templated":true}]}}