{"id":17240,"date":"2025-07-02T11:47:34","date_gmt":"2025-07-02T14:47:34","guid":{"rendered":"https:\/\/laserenaradio.cl\/web\/?p=17240"},"modified":"2025-07-02T11:47:34","modified_gmt":"2025-07-02T14:47:34","slug":"aumento-de-secuestros-en-chile-28-mas-que-en-el-mismo-periodo-del-ano-pasado","status":"publish","type":"post","link":"https:\/\/laserenaradio.cl\/web\/2025\/07\/02\/aumento-de-secuestros-en-chile-28-mas-que-en-el-mismo-periodo-del-ano-pasado\/","title":{"rendered":"Aumento de secuestros en Chile: 28% m\u00e1s que en el mismo periodo del a\u00f1o pasado."},"content":{"rendered":"<p>Un aumento en las cifras de secuestros se ha registrado seg\u00fan revel\u00f3 H\u00e9ctor Barros, fiscal coordinador del ECOH. En el primer semestre de 2025 hubo un incremento del 28% en este tipo de delitos en la regi\u00f3n Metropolitana en comparaci\u00f3n con el mismo periodo del a\u00f1o anterior.<\/p>\n<p>Adem\u00e1s, se ha roto una tendencia que vincula a cada ocho homicidios con dos secuestros en la capital. Ahora, Barros afirma que por cada seis homicidios hay cuatro secuestros. \u201cAntes ten\u00edamos un 80% de homicidios y el 20% de secuestros. Hoy ese n\u00famero se ha invertido: 60% de homicidios y 40% de secuestros\u201d, explic\u00f3 Barros.<\/p>\n<p>Incluso, en una semana de junio, ECOH no registr\u00f3 ning\u00fan homicidio mientras hubo un secuestro diario. \u201cEste mes ha sido especialmente complejo para los equipos policiales con la alta incidencia de secuestros y hasta tuvimos una semana con siete secuestros\u201d, se\u00f1al\u00f3 Barros.<\/p>\n<p>Barros subraya que un secuestro no es simplemente un acto aislado, sino que generalmente viene acompa\u00f1ado de lesiones y tortura. \u201cUn secuestro puede derivar en un homicidio\u201d, advirti\u00f3 el fiscal.<\/p>\n<p>Estos datos se presentan despu\u00e9s del reciente secuestro extorsivo sufrido por el exalcalde de Macul, Gonzalo Montoya, quien fue raptado por individuos relacionados con la prostituci\u00f3n y posible explotaci\u00f3n sexual infantil.<\/p>\n","protected":false},"excerpt":{"rendered":"<p>Un aumento en las cifras de secuestros se ha registrado seg\u00fan revel\u00f3 H\u00e9ctor Barros, fiscal coordinador del ECOH. En el primer semestre de 2025 hubo un incremento del 28% en este tipo de delitos en la regi\u00f3n Metropolitana en comparaci\u00f3n con el mismo periodo del a\u00f1o anterior. Adem\u00e1s, se ha roto una tendencia que vincula [&hellip;]<\/p>\n","protected":false},"author":2,"featured_media":17239,"comment_status":"closed","ping_status":"open","sticky":false,"template":"","format":"standard","meta":{"_jetpack_memberships_contains_paid_content":false,"jnews-multi-image_gallery":[],"jnews_single_post":[],"jnews_primary_category":[],"jnews_social_meta":[],"jnews_paywall_metabox":[],"jnews_review":[],"enable_review":"","type":"","name":"","summary":"","brand":"","sku":"","good":[],"bad":[],"score_override":"","override_value":"","rating":[],"price":[],"jnews_override_counter":[],"jnews_post_split":[],"footnotes":""},"categories":[21],"tags":[],"class_list":["post-17240","post","type-post","status-publish","format-standard","has-post-thumbnail","hentry","category-nacional"],"jetpack_featured_media_url":"https:\/\/laserenaradio.cl\/web\/wp-content\/uploads\/2025\/07\/homepiaiextractoscrapimg_webpsecuestrosBarroshomicidiossecuestro_1.webp","jetpack_sharing_enabled":true,"_links":{"self":[{"href":"https:\/\/laserenaradio.cl\/web\/wp-json\/wp\/v2\/posts\/17240","targetHints":{"allow":["GET"]}}],"collection":[{"href":"https:\/\/laserenaradio.cl\/web\/wp-json\/wp\/v2\/posts"}],"about":[{"href":"https:\/\/laserenaradio.cl\/web\/wp-json\/wp\/v2\/types\/post"}],"author":[{"embeddable":true,"href":"https:\/\/laserenaradio.cl\/web\/wp-json\/wp\/v2\/users\/2"}],"replies":[{"embeddable":true,"href":"https:\/\/laserenaradio.cl\/web\/wp-json\/wp\/v2\/comments?post=17240"}],"version-history":[{"count":1,"href":"https:\/\/laserenaradio.cl\/web\/wp-json\/wp\/v2\/posts\/17240\/revisions"}],"predecessor-version":[{"id":17241,"href":"https:\/\/laserenaradio.cl\/web\/wp-json\/wp\/v2\/posts\/17240\/revisions\/17241"}],"wp:featuredmedia":[{"embeddable":true,"href":"https:\/\/laserenaradio.cl\/web\/wp-json\/wp\/v2\/media\/17239"}],"wp:attachment":[{"href":"https:\/\/laserenaradio.cl\/web\/wp-json\/wp\/v2\/media?parent=17240"}],"wp:term":[{"taxonomy":"category","embeddable":true,"href":"https:\/\/laserenaradio.cl\/web\/wp-json\/wp\/v2\/categories?post=17240"},{"taxonomy":"post_tag","embeddable":true,"href":"https:\/\/laserenaradio.cl\/web\/wp-json\/wp\/v2\/tags?post=17240"}],"curies":[{"name":"wp","href":"https:\/\/api.w.org\/{rel}","templated":true}]}}