{"id":17228,"date":"2025-07-02T09:53:00","date_gmt":"2025-07-02T12:53:00","guid":{"rendered":"https:\/\/laserenaradio.cl\/web\/?p=17228"},"modified":"2025-07-02T09:53:00","modified_gmt":"2025-07-02T12:53:00","slug":"crecimiento-economico-en-chile-un-reto-con-empleo-bajo","status":"publish","type":"post","link":"https:\/\/laserenaradio.cl\/web\/2025\/07\/02\/crecimiento-economico-en-chile-un-reto-con-empleo-bajo\/","title":{"rendered":"Crecimiento econ\u00f3mico en Chile, un reto con empleo bajo"},"content":{"rendered":"<p>El \u00cdndice Mensual de Actividad Econ\u00f3mica (Imacec) registr\u00f3 un aumento del 3,2% en mayo de 2025, seg\u00fan comunic\u00f3 el Banco Central. Sin embargo, algunos actores econ\u00f3micos lo ven como una cifra &#8220;de papel&#8221; sin reflejar una mejora significativa en el empleo. <\/p>\n<p>El ministro de Hacienda, Mario Marcel, destac\u00f3 que este crecimiento indica mejores perspectivas para 2025, aunque enfatiz\u00f3 la importancia del desempleo, que alcanz\u00f3 un 8,9% en mayo.<\/p>\n<p>Los servicios y la miner\u00eda fueron los principales impulsores de esta expansi\u00f3n, con tasas de crecimiento superiores al 10%. La miner\u00eda, particularmente, mostr\u00f3 su tercera tasa de dos d\u00edgitos consecutiva, lo que Marcel calific\u00f3 como vital para el desarrollo econ\u00f3mico.<\/p>\n<p>No obstante, analistas como George Lever del C\u00e1mara de Comercio de Santiago (CCS) advierten que esta expansi\u00f3n sin una mejora en el empleo podr\u00eda ser transitoria. La Ley Marco de Autorizaciones Sectoriales, aprobada recientemente por la C\u00e1mara Baja, busca reducir los tiempos de espera para permisos no ambientales, pero enfrenta reservas constitucionales.<\/p>\n<p>El Banco Central proyecta un crecimiento del PIB entre 2% y 2,75% en 2025, con el Imacec promediando una expansi\u00f3n del 2,48%. A pesar de estos pron\u00f3sticos, la comunidad econ\u00f3mica sigue atenta a c\u00f3mo se traducir\u00e1 este crecimiento en t\u00e9rminos de empleo y proyectos de inversi\u00f3n.<\/p>\n","protected":false},"excerpt":{"rendered":"<p>El \u00cdndice Mensual de Actividad Econ\u00f3mica (Imacec) registr\u00f3 un aumento del 3,2% en mayo de 2025, seg\u00fan comunic\u00f3 el Banco Central. Sin embargo, algunos actores econ\u00f3micos lo ven como una cifra &#8220;de papel&#8221; sin reflejar una mejora significativa en el empleo. El ministro de Hacienda, Mario Marcel, destac\u00f3 que este crecimiento indica mejores perspectivas para [&hellip;]<\/p>\n","protected":false},"author":2,"featured_media":17227,"comment_status":"closed","ping_status":"open","sticky":false,"template":"","format":"standard","meta":{"_jetpack_memberships_contains_paid_content":false,"jnews-multi-image_gallery":[],"jnews_single_post":[],"jnews_primary_category":[],"jnews_social_meta":[],"jnews_paywall_metabox":[],"jnews_review":[],"enable_review":"","type":"","name":"","summary":"","brand":"","sku":"","good":[],"bad":[],"score_override":"","override_value":"","rating":[],"price":[],"jnews_override_counter":[],"jnews_post_split":[],"footnotes":""},"categories":[85],"tags":[],"class_list":["post-17228","post","type-post","status-publish","format-standard","has-post-thumbnail","hentry","category-economia"],"jetpack_featured_media_url":"https:\/\/laserenaradio.cl\/web\/wp-content\/uploads\/2025\/07\/homepiaiextractoscrapimg_webpempleocrecimientoImacecmayo_0.webp","jetpack_sharing_enabled":true,"_links":{"self":[{"href":"https:\/\/laserenaradio.cl\/web\/wp-json\/wp\/v2\/posts\/17228","targetHints":{"allow":["GET"]}}],"collection":[{"href":"https:\/\/laserenaradio.cl\/web\/wp-json\/wp\/v2\/posts"}],"about":[{"href":"https:\/\/laserenaradio.cl\/web\/wp-json\/wp\/v2\/types\/post"}],"author":[{"embeddable":true,"href":"https:\/\/laserenaradio.cl\/web\/wp-json\/wp\/v2\/users\/2"}],"replies":[{"embeddable":true,"href":"https:\/\/laserenaradio.cl\/web\/wp-json\/wp\/v2\/comments?post=17228"}],"version-history":[{"count":1,"href":"https:\/\/laserenaradio.cl\/web\/wp-json\/wp\/v2\/posts\/17228\/revisions"}],"predecessor-version":[{"id":17229,"href":"https:\/\/laserenaradio.cl\/web\/wp-json\/wp\/v2\/posts\/17228\/revisions\/17229"}],"wp:featuredmedia":[{"embeddable":true,"href":"https:\/\/laserenaradio.cl\/web\/wp-json\/wp\/v2\/media\/17227"}],"wp:attachment":[{"href":"https:\/\/laserenaradio.cl\/web\/wp-json\/wp\/v2\/media?parent=17228"}],"wp:term":[{"taxonomy":"category","embeddable":true,"href":"https:\/\/laserenaradio.cl\/web\/wp-json\/wp\/v2\/categories?post=17228"},{"taxonomy":"post_tag","embeddable":true,"href":"https:\/\/laserenaradio.cl\/web\/wp-json\/wp\/v2\/tags?post=17228"}],"curies":[{"name":"wp","href":"https:\/\/api.w.org\/{rel}","templated":true}]}}