{"id":17225,"date":"2025-07-02T09:51:00","date_gmt":"2025-07-02T12:51:00","guid":{"rendered":"https:\/\/laserenaradio.cl\/web\/?p=17225"},"modified":"2025-07-02T09:51:00","modified_gmt":"2025-07-02T12:51:00","slug":"hombre-detenido-por-violacion-a-una-menor-de-16-anos","status":"publish","type":"post","link":"https:\/\/laserenaradio.cl\/web\/2025\/07\/02\/hombre-detenido-por-violacion-a-una-menor-de-16-anos\/","title":{"rendered":"Hombre detenido por violaci\u00f3n a una menor de 16 a\u00f1os."},"content":{"rendered":"<p>Un hombre de 40 a\u00f1os fue encarcelado tras ser acusado de violaci\u00f3n, siguiendo una denuncia presentada por el Hospital Regional de Coyhaique en la regi\u00f3n de Ays\u00e9n. Los incidentes ocurrieron el pasado viernes cuando el Ministerio P\u00fablico inform\u00f3 a los detectives de la Brigada Investigadora de Delitos Sexuales (Brisex) de la <a href=\"https:\/\/www.pdichile.cl\/\">PDI<\/a> sobre una menor de 16 a\u00f1os que asegur\u00f3 haber sido agredida sexualmente por el sujeto.<\/p>\n<p>El jefe de la Brisex Coyhaique, Fernando \u00c1lvarez, indic\u00f3: &#8220;La brigada especializada se present\u00f3 en la unidad cl\u00ednico-forense del Hospital Regional de Coyhaique para recoger muestras y tomar declaraci\u00f3n a la testigo. A partir de estos datos, pudimos determinar el lugar donde ocurrieron los hechos y identificar al imputado&#8221;. Hasta ahora, no se descarta que haya otros casos similares involucrando al acusado.<\/p>\n<p>Por su parte, el fiscal jefe de Coyhaique, Luis Contreras Alfaro, detall\u00f3: &#8220;Los eventos transcurrieron el viernes 27 de junio del a\u00f1o 2025. La v\u00edctima se encontraba en el domicilio del imputado, donde consumi\u00f3 alcohol y posteriormente fue accesada carnalmente&#8221;. Las investigaciones fueron asignadas a la Brisex con el apoyo de la Unidad Cl\u00ednico Forense del Hospital Regional, y las muestras ser\u00e1n evaluadas por el <a href=\"http:\/\/www.sml.gob.cl\/\">Servicio M\u00e9dico Legal<\/a>.<\/p>\n<p>Finalmente, Contreras Alfaro afirm\u00f3: &#8220;Gracias a la r\u00e1pida denuncia realizada por el Servicio de Protecci\u00f3n Especializada de Ni\u00f1ez y Adolescencia, pudimos llevar a cabo todas las diligencias necesarias para detener al acusado e incorporar las evidencias requeridas para demostrar el delito&#8221;.<\/p>\n","protected":false},"excerpt":{"rendered":"<p>Un hombre de 40 a\u00f1os fue encarcelado tras ser acusado de violaci\u00f3n, siguiendo una denuncia presentada por el Hospital Regional de Coyhaique en la regi\u00f3n de Ays\u00e9n. Los incidentes ocurrieron el pasado viernes cuando el Ministerio P\u00fablico inform\u00f3 a los detectives de la Brigada Investigadora de Delitos Sexuales (Brisex) de la PDI sobre una menor [&hellip;]<\/p>\n","protected":false},"author":2,"featured_media":17224,"comment_status":"closed","ping_status":"open","sticky":false,"template":"","format":"standard","meta":{"_jetpack_memberships_contains_paid_content":false,"jnews-multi-image_gallery":[],"jnews_single_post":[],"jnews_primary_category":[],"jnews_social_meta":[],"jnews_paywall_metabox":[],"jnews_review":[],"enable_review":"","type":"","name":"","summary":"","brand":"","sku":"","good":[],"bad":[],"score_override":"","override_value":"","rating":[],"price":[],"jnews_override_counter":[],"jnews_post_split":[],"footnotes":""},"categories":[21],"tags":[],"class_list":["post-17225","post","type-post","status-publish","format-standard","has-post-thumbnail","hentry","category-nacional"],"jetpack_featured_media_url":"https:\/\/laserenaradio.cl\/web\/wp-content\/uploads\/2025\/07\/homepiaiextractoscrapimg_predeterminadalaserenaradio_nacional-1.webp","jetpack_sharing_enabled":true,"_links":{"self":[{"href":"https:\/\/laserenaradio.cl\/web\/wp-json\/wp\/v2\/posts\/17225","targetHints":{"allow":["GET"]}}],"collection":[{"href":"https:\/\/laserenaradio.cl\/web\/wp-json\/wp\/v2\/posts"}],"about":[{"href":"https:\/\/laserenaradio.cl\/web\/wp-json\/wp\/v2\/types\/post"}],"author":[{"embeddable":true,"href":"https:\/\/laserenaradio.cl\/web\/wp-json\/wp\/v2\/users\/2"}],"replies":[{"embeddable":true,"href":"https:\/\/laserenaradio.cl\/web\/wp-json\/wp\/v2\/comments?post=17225"}],"version-history":[{"count":1,"href":"https:\/\/laserenaradio.cl\/web\/wp-json\/wp\/v2\/posts\/17225\/revisions"}],"predecessor-version":[{"id":17226,"href":"https:\/\/laserenaradio.cl\/web\/wp-json\/wp\/v2\/posts\/17225\/revisions\/17226"}],"wp:featuredmedia":[{"embeddable":true,"href":"https:\/\/laserenaradio.cl\/web\/wp-json\/wp\/v2\/media\/17224"}],"wp:attachment":[{"href":"https:\/\/laserenaradio.cl\/web\/wp-json\/wp\/v2\/media?parent=17225"}],"wp:term":[{"taxonomy":"category","embeddable":true,"href":"https:\/\/laserenaradio.cl\/web\/wp-json\/wp\/v2\/categories?post=17225"},{"taxonomy":"post_tag","embeddable":true,"href":"https:\/\/laserenaradio.cl\/web\/wp-json\/wp\/v2\/tags?post=17225"}],"curies":[{"name":"wp","href":"https:\/\/api.w.org\/{rel}","templated":true}]}}