{"id":16961,"date":"2025-06-25T20:59:46","date_gmt":"2025-06-25T23:59:46","guid":{"rendered":"https:\/\/laserenaradio.cl\/web\/?p=16961"},"modified":"2025-06-25T20:59:46","modified_gmt":"2025-06-25T23:59:46","slug":"hombre-huye-esposado-despues-atacar-a-carabinero-y-ser-rescatado-por-vecinos","status":"publish","type":"post","link":"https:\/\/laserenaradio.cl\/web\/2025\/06\/25\/hombre-huye-esposado-despues-atacar-a-carabinero-y-ser-rescatado-por-vecinos\/","title":{"rendered":"Hombre huye esposado despu\u00e9s atacar a carabinero y ser rescatado por vecinos."},"content":{"rendered":"<p>Un hombre fue detenido tras agredir a un carabinero durante un control de identidad en San Ram\u00f3n, resultando el polic\u00eda inconsciente. La turba de vecinos ayud\u00f3 al individuo huyendo esposado. El carabinero fue llevado al Hospital Padre Hurtado y luego derivado al hospital institucional, donde se encuentra mejor y consciente actualmente.<\/p>\n<p>El sujeto resisti\u00f3 un control de identidad en la calle Tuc\u00e1n Sur, recibiendo un pu\u00f1etazo que dej\u00f3 al funcionario policial inconsciente. El capit\u00e1n Sebasti\u00e1n Mu\u00f1oz Toledo detall\u00f3 el hecho, indicando que el agresor fue retenido brevemente antes de ser asistido por los vecinos y evadirse.<\/p>\n<p>Diligencias se encuentran en curso para capturar al individuo, sin revelar su identidad debido a la r\u00e1pida ocurrencia del evento. La agresi\u00f3n contra un carabinero y el apoyo de la comunidad generan preocupaci\u00f3n por la seguridad p\u00fablica.<\/p>\n","protected":false},"excerpt":{"rendered":"<p>Un hombre fue detenido tras agredir a un carabinero durante un control de identidad en San Ram\u00f3n, resultando el polic\u00eda inconsciente. La turba de vecinos ayud\u00f3 al individuo huyendo esposado. El carabinero fue llevado al Hospital Padre Hurtado y luego derivado al hospital institucional, donde se encuentra mejor y consciente actualmente. El sujeto resisti\u00f3 un [&hellip;]<\/p>\n","protected":false},"author":2,"featured_media":16960,"comment_status":"closed","ping_status":"open","sticky":false,"template":"","format":"standard","meta":{"_jetpack_memberships_contains_paid_content":false,"jnews-multi-image_gallery":[],"jnews_single_post":[],"jnews_primary_category":[],"jnews_social_meta":[],"jnews_paywall_metabox":[],"jnews_review":[],"enable_review":"","type":"","name":"","summary":"","brand":"","sku":"","good":[],"bad":[],"score_override":"","override_value":"","rating":[],"price":[],"jnews_override_counter":[],"jnews_post_split":[],"footnotes":""},"categories":[21],"tags":[],"class_list":["post-16961","post","type-post","status-publish","format-standard","has-post-thumbnail","hentry","category-nacional"],"jetpack_featured_media_url":"https:\/\/laserenaradio.cl\/web\/wp-content\/uploads\/2025\/06\/homepiaiextractoscrapimg_predeterminadalaserenaradio_nacional-30.webp","jetpack_sharing_enabled":true,"_links":{"self":[{"href":"https:\/\/laserenaradio.cl\/web\/wp-json\/wp\/v2\/posts\/16961","targetHints":{"allow":["GET"]}}],"collection":[{"href":"https:\/\/laserenaradio.cl\/web\/wp-json\/wp\/v2\/posts"}],"about":[{"href":"https:\/\/laserenaradio.cl\/web\/wp-json\/wp\/v2\/types\/post"}],"author":[{"embeddable":true,"href":"https:\/\/laserenaradio.cl\/web\/wp-json\/wp\/v2\/users\/2"}],"replies":[{"embeddable":true,"href":"https:\/\/laserenaradio.cl\/web\/wp-json\/wp\/v2\/comments?post=16961"}],"version-history":[{"count":1,"href":"https:\/\/laserenaradio.cl\/web\/wp-json\/wp\/v2\/posts\/16961\/revisions"}],"predecessor-version":[{"id":16962,"href":"https:\/\/laserenaradio.cl\/web\/wp-json\/wp\/v2\/posts\/16961\/revisions\/16962"}],"wp:featuredmedia":[{"embeddable":true,"href":"https:\/\/laserenaradio.cl\/web\/wp-json\/wp\/v2\/media\/16960"}],"wp:attachment":[{"href":"https:\/\/laserenaradio.cl\/web\/wp-json\/wp\/v2\/media?parent=16961"}],"wp:term":[{"taxonomy":"category","embeddable":true,"href":"https:\/\/laserenaradio.cl\/web\/wp-json\/wp\/v2\/categories?post=16961"},{"taxonomy":"post_tag","embeddable":true,"href":"https:\/\/laserenaradio.cl\/web\/wp-json\/wp\/v2\/tags?post=16961"}],"curies":[{"name":"wp","href":"https:\/\/api.w.org\/{rel}","templated":true}]}}