{"id":16673,"date":"2025-06-18T19:28:12","date_gmt":"2025-06-18T22:28:12","guid":{"rendered":"https:\/\/laserenaradio.cl\/web\/?p=16673"},"modified":"2025-06-18T19:28:12","modified_gmt":"2025-06-18T22:28:12","slug":"fiscal-nacional-justifica-entrega-voluntaria-de-dispositivos-electronicos-por-parte-del-gobernador-orrego","status":"publish","type":"post","link":"https:\/\/laserenaradio.cl\/web\/2025\/06\/18\/fiscal-nacional-justifica-entrega-voluntaria-de-dispositivos-electronicos-por-parte-del-gobernador-orrego\/","title":{"rendered":"Fiscal Nacional justifica entrega voluntaria de dispositivos electr\u00f3nicos por parte del gobernador Orrego."},"content":{"rendered":"<p>El fiscal nacional, \u00c1ngel Valencia, se\u00f1al\u00f3 que no es inusual la diligencia realizada por el OS7 de <a href=\"https:\/\/www.carabineros.cl\/\">Carabineros<\/a> en las oficinas del Gobierno de Santiago y en el domicilio de Claudio Orrego. <\/p>\n<p>Dichas acciones se llevaron a cabo en el marco de la investigaci\u00f3n de la <a href=\"https:\/\/www.fiscaliadechile.cl\/\">Fiscal\u00eda<\/a> Oriente por las irregularidades detectadas y se\u00f1aladas en el informe de Contralor\u00eda.<\/p>\n<p>Valencia agreg\u00f3 que una persona investigada, consciente de su situaci\u00f3n, puede acceder voluntariamente a una medida intrusiva, incluso antes de una solicitud judicial. <\/p>\n<p>Esta pr\u00e1ctica forma parte de la estrategia defensiva de un imputado y ya no debe resultar extra\u00f1a dado que es com\u00fan en casos similares.<\/p>\n<p>La propia fiscal Oriente, Constanza Encina, confirm\u00f3 la entrega voluntaria de dispositivos electr\u00f3nicos y correos electr\u00f3nicos desde el servidor del Gobierno de Santiago. <\/p>\n<p>Esta situaci\u00f3n ocurri\u00f3 ya que la solicitud para autorizar la entrada y registro ante el respectivo tribunal no fue resuelta ni result\u00f3 necesaria.<\/p>\n<p>El fiscal nacional mencion\u00f3 que igualmente ocurre con las citaciones a declarar, destacando que el gobernador Orrego compareci\u00f3 ayer ante el Ministerio P\u00fablico como imputado. <\/p>\n<p>Las fechas de estas citaciones suelen ajustarse para asegurar la privacidad y las mejores condiciones del interrogatorio, dependiendo de las agendas y circunstancias de la investigaci\u00f3n.<\/p>\n<p>Valencia subray\u00f3 que esta mezcla entre celeridad y estrategia defensiva no deber\u00eda causar extra\u00f1eza, ya que es un procedimiento com\u00fan en casos similares.<\/p>\n","protected":false},"excerpt":{"rendered":"<p>El fiscal nacional, \u00c1ngel Valencia, se\u00f1al\u00f3 que no es inusual la diligencia realizada por el OS7 de Carabineros en las oficinas del Gobierno de Santiago y en el domicilio de Claudio Orrego. Dichas acciones se llevaron a cabo en el marco de la investigaci\u00f3n de la Fiscal\u00eda Oriente por las irregularidades detectadas y se\u00f1aladas en [&hellip;]<\/p>\n","protected":false},"author":2,"featured_media":16672,"comment_status":"closed","ping_status":"open","sticky":false,"template":"","format":"standard","meta":{"_jetpack_memberships_contains_paid_content":false,"jnews-multi-image_gallery":[],"jnews_single_post":[],"jnews_primary_category":[],"jnews_social_meta":[],"jnews_paywall_metabox":[],"jnews_review":[],"enable_review":"","type":"","name":"","summary":"","brand":"","sku":"","good":[],"bad":[],"score_override":"","override_value":"","rating":[],"price":[],"jnews_override_counter":[],"jnews_post_split":[],"footnotes":""},"categories":[21],"tags":[],"class_list":["post-16673","post","type-post","status-publish","format-standard","has-post-thumbnail","hentry","category-nacional"],"jetpack_featured_media_url":"https:\/\/laserenaradio.cl\/web\/wp-content\/uploads\/2025\/06\/homepiaiextractoscrapimg_webpfiscalValenciayanacional_0.webp","jetpack_sharing_enabled":true,"_links":{"self":[{"href":"https:\/\/laserenaradio.cl\/web\/wp-json\/wp\/v2\/posts\/16673","targetHints":{"allow":["GET"]}}],"collection":[{"href":"https:\/\/laserenaradio.cl\/web\/wp-json\/wp\/v2\/posts"}],"about":[{"href":"https:\/\/laserenaradio.cl\/web\/wp-json\/wp\/v2\/types\/post"}],"author":[{"embeddable":true,"href":"https:\/\/laserenaradio.cl\/web\/wp-json\/wp\/v2\/users\/2"}],"replies":[{"embeddable":true,"href":"https:\/\/laserenaradio.cl\/web\/wp-json\/wp\/v2\/comments?post=16673"}],"version-history":[{"count":1,"href":"https:\/\/laserenaradio.cl\/web\/wp-json\/wp\/v2\/posts\/16673\/revisions"}],"predecessor-version":[{"id":16674,"href":"https:\/\/laserenaradio.cl\/web\/wp-json\/wp\/v2\/posts\/16673\/revisions\/16674"}],"wp:featuredmedia":[{"embeddable":true,"href":"https:\/\/laserenaradio.cl\/web\/wp-json\/wp\/v2\/media\/16672"}],"wp:attachment":[{"href":"https:\/\/laserenaradio.cl\/web\/wp-json\/wp\/v2\/media?parent=16673"}],"wp:term":[{"taxonomy":"category","embeddable":true,"href":"https:\/\/laserenaradio.cl\/web\/wp-json\/wp\/v2\/categories?post=16673"},{"taxonomy":"post_tag","embeddable":true,"href":"https:\/\/laserenaradio.cl\/web\/wp-json\/wp\/v2\/tags?post=16673"}],"curies":[{"name":"wp","href":"https:\/\/api.w.org\/{rel}","templated":true}]}}