{"id":16664,"date":"2025-06-18T19:22:26","date_gmt":"2025-06-18T22:22:26","guid":{"rendered":"https:\/\/laserenaradio.cl\/web\/?p=16664"},"modified":"2025-06-18T19:22:26","modified_gmt":"2025-06-18T22:22:26","slug":"hombre-de-79-anos-mata-a-su-esposa-de-74-y-luego-intenta-suicidarse","status":"publish","type":"post","link":"https:\/\/laserenaradio.cl\/web\/2025\/06\/18\/hombre-de-79-anos-mata-a-su-esposa-de-74-y-luego-intenta-suicidarse\/","title":{"rendered":"Hombre de 79 a\u00f1os mata a su esposa de 74 y luego intenta suicidarse."},"content":{"rendered":"<p>Las autoridades entregaron nuevos antecedentes del femicidio ocurrido este mi\u00e9rcoles en el Hospital de Los \u00c1ngeles. Un adulto mayor de 79 a\u00f1os dispar\u00f3 a su esposa, de 74, internada de gravedad en el recinto asistencial. La investigaci\u00f3n es reservada y la Brigada de Homicidios junto al Laboratorio de Criminal\u00edstica de la Polic\u00eda de Investigaciones est\u00e1n a cargo.<\/p>\n<p>El hombre ingres\u00f3 al hospital tras registrarse con su c\u00e9dula y lleg\u00f3 a una sala del Servicio de UTI Neurol\u00f3gica, donde estaba su esposa. Una vez all\u00ed, extrajo un arma y le dispar\u00f3 causando su muerte. Posteriormente, el adulto mayor se autohiri\u00f3 con un arma de fuego.<\/p>\n<p>El jefe de la Octava Zona de <a href=\"https:\/\/www.carabineros.cl\/\">Carabineros<\/a> B\u00edo B\u00edo, general Renzo Miccono, inform\u00f3 que la presencia del hombre era recurrente en el hospital ya que visitaba permanentemente a su v\u00edctima. El director del Hospital de Los \u00c1ngeles, Alejandro Manr\u00edquez, confirm\u00f3 lo mismo.<\/p>\n<p>Respecto a la din\u00e1mica de los hechos, se detall\u00f3 que el hombre ingres\u00f3 al recinto tal como establecen los protocolos, portando su carnet de identidad y visitando una persona regularmente desde el 22 de mayo. La v\u00edctima estaba internada tras sufrir un infarto al miocardio.<\/p>\n<p>Trabajan en la recolecci\u00f3n de evidencia bal\u00edstica y f\u00edlmica, adem\u00e1s de empadronar a testigos para establecer c\u00f3mo ocurri\u00f3 este hecho y remitir los antecedentes al Ministerio P\u00fablico. La Seremi de la Mujer y la Equidad de G\u00e9nero indic\u00f3 que estar\u00e1n disponibles para brindar atenci\u00f3n psicosocial.<\/p>\n<p>El fiscal jefe de Los \u00c1ngeles, Jorge Sandoval, confirm\u00f3 que el hombre est\u00e1 en calidad de imputado. Se espera su evoluci\u00f3n de salud para tomar decisiones procesales. Las medidas de seguridad se eval\u00faan y <a href=\"https:\/\/www.carabineros.cl\/\">Carabineros<\/a> mantiene personal 24\/7 en el recinto.<\/p>\n<p>El hospital emitir\u00e1 un comunicado con las medidas de seguridad implementadas.<\/p>\n","protected":false},"excerpt":{"rendered":"<p>Las autoridades entregaron nuevos antecedentes del femicidio ocurrido este mi\u00e9rcoles en el Hospital de Los \u00c1ngeles. Un adulto mayor de 79 a\u00f1os dispar\u00f3 a su esposa, de 74, internada de gravedad en el recinto asistencial. La investigaci\u00f3n es reservada y la Brigada de Homicidios junto al Laboratorio de Criminal\u00edstica de la Polic\u00eda de Investigaciones est\u00e1n [&hellip;]<\/p>\n","protected":false},"author":2,"featured_media":16663,"comment_status":"closed","ping_status":"open","sticky":false,"template":"","format":"standard","meta":{"_jetpack_memberships_contains_paid_content":false,"jnews-multi-image_gallery":[],"jnews_single_post":[],"jnews_primary_category":[],"jnews_social_meta":[],"jnews_paywall_metabox":[],"jnews_review":[],"enable_review":"","type":"","name":"","summary":"","brand":"","sku":"","good":[],"bad":[],"score_override":"","override_value":"","rating":[],"price":[],"jnews_override_counter":[],"jnews_post_split":[],"footnotes":""},"categories":[21],"tags":[],"class_list":["post-16664","post","type-post","status-publish","format-standard","has-post-thumbnail","hentry","category-nacional"],"jetpack_featured_media_url":"https:\/\/laserenaradio.cl\/web\/wp-content\/uploads\/2025\/06\/homepiaiextractoscrapimg_predeterminadalaserenaradio_ultimo_minuto-3.webp","jetpack_sharing_enabled":true,"_links":{"self":[{"href":"https:\/\/laserenaradio.cl\/web\/wp-json\/wp\/v2\/posts\/16664","targetHints":{"allow":["GET"]}}],"collection":[{"href":"https:\/\/laserenaradio.cl\/web\/wp-json\/wp\/v2\/posts"}],"about":[{"href":"https:\/\/laserenaradio.cl\/web\/wp-json\/wp\/v2\/types\/post"}],"author":[{"embeddable":true,"href":"https:\/\/laserenaradio.cl\/web\/wp-json\/wp\/v2\/users\/2"}],"replies":[{"embeddable":true,"href":"https:\/\/laserenaradio.cl\/web\/wp-json\/wp\/v2\/comments?post=16664"}],"version-history":[{"count":1,"href":"https:\/\/laserenaradio.cl\/web\/wp-json\/wp\/v2\/posts\/16664\/revisions"}],"predecessor-version":[{"id":16665,"href":"https:\/\/laserenaradio.cl\/web\/wp-json\/wp\/v2\/posts\/16664\/revisions\/16665"}],"wp:featuredmedia":[{"embeddable":true,"href":"https:\/\/laserenaradio.cl\/web\/wp-json\/wp\/v2\/media\/16663"}],"wp:attachment":[{"href":"https:\/\/laserenaradio.cl\/web\/wp-json\/wp\/v2\/media?parent=16664"}],"wp:term":[{"taxonomy":"category","embeddable":true,"href":"https:\/\/laserenaradio.cl\/web\/wp-json\/wp\/v2\/categories?post=16664"},{"taxonomy":"post_tag","embeddable":true,"href":"https:\/\/laserenaradio.cl\/web\/wp-json\/wp\/v2\/tags?post=16664"}],"curies":[{"name":"wp","href":"https:\/\/api.w.org\/{rel}","templated":true}]}}