{"id":16649,"date":"2025-06-17T23:21:54","date_gmt":"2025-06-18T02:21:54","guid":{"rendered":"https:\/\/laserenaradio.cl\/web\/?p=16649"},"modified":"2025-06-17T23:21:54","modified_gmt":"2025-06-18T02:21:54","slug":"frente-frio-afectara-a-la-zona-centro-sur-de-chile","status":"publish","type":"post","link":"https:\/\/laserenaradio.cl\/web\/2025\/06\/17\/frente-frio-afectara-a-la-zona-centro-sur-de-chile\/","title":{"rendered":"Frente fr\u00edo afectar\u00e1 a la zona centro-sur de Chile"},"content":{"rendered":"<p>Un frente fr\u00edo persistente afectar\u00e1 la zona central del pa\u00eds hasta este viernes, con su punto cr\u00edtico este mi\u00e9rcoles. Las temperaturas m\u00e1s bajas se concentrar\u00e1n en valles y sectores precordilleranos.<\/p>\n<p>Andr\u00e9s Moncada, meteor\u00f3logo de la <a href=\"http:\/\/www.meteochile.gob.cl\/\">Direcci\u00f3n Meteorol\u00f3gica de Chile<\/a>, explic\u00f3 el fen\u00f3meno: &#8220;Est\u00e1 ingresando en este momento un r\u00e9gimen de altas presiones de r\u00edo a la zona central, tambi\u00e9n a la zona sur, lo que va a favorecer la estabilidad atmosf\u00e9rica, los cielos despejados y tambi\u00e9n la mala ventilaci\u00f3n en la cuenca de la Regi\u00f3n Metropolitana&#8221;. Este patr\u00f3n generar\u00e1 heladas de intensidad inusual.<\/p>\n<p>Para este mi\u00e9rcoles, se prev\u00e9n temperaturas m\u00ednimas entre 0\u00b0C y -4\u00b0C en los valles desde la Regi\u00f3n de Valpara\u00edso hasta el B\u00edo B\u00edo. En particular, la Regi\u00f3n Metropolitana, el centro de la capital, deber\u00eda registrar en torno a los -1\u00b0C ma\u00f1ana al amanecer, siendo la temperatura m\u00e1s baja en lo que va de este a\u00f1o 2025. Comunas como Tiltil, Pirque, Curacav\u00ed y Paine podr\u00edan reportar entre -2\u00b0C y -3\u00b0C.<\/p>\n<p>Las condiciones extremas se extender\u00e1n hasta el viernes, aunque con una tendencia moderada. El meteor\u00f3logo aclar\u00f3 que &#8220;va a ir debilit\u00e1ndose, es decir, las temperaturas van a ir aumentando ligeramente&#8221;. Se espera un leve ascenso el jueves (m\u00ednimas de 0\u00b0C a 1\u00b0C) y otro para el viernes.<\/p>\n<p>El fr\u00edo ser\u00e1 m\u00e1s intenso este mi\u00e9rcoles en las regiones del Maule, \u00d1uble y B\u00edo B\u00edo, especialmente en sectores precordilleranos y de la cordillera de la costa. Estas zonas enfrentar\u00e1n los descensos t\u00e9rmicos m\u00e1s pronunciados dentro del \u00e1rea afectada.<\/p>\n<p>El horario de mayor impacto se concentrar\u00e1 entre las 07:00 y 08:00 horas de la ma\u00f1ana del mi\u00e9rcoles. Este lapso registrar\u00e1 las temperaturas m\u00e1s bajas del d\u00eda, incrementando el riesgo de heladas superficiales y afectaciones en zonas expuestas.<\/p>\n","protected":false},"excerpt":{"rendered":"<p>Un frente fr\u00edo persistente afectar\u00e1 la zona central del pa\u00eds hasta este viernes, con su punto cr\u00edtico este mi\u00e9rcoles. Las temperaturas m\u00e1s bajas se concentrar\u00e1n en valles y sectores precordilleranos. Andr\u00e9s Moncada, meteor\u00f3logo de la Direcci\u00f3n Meteorol\u00f3gica de Chile, explic\u00f3 el fen\u00f3meno: &#8220;Est\u00e1 ingresando en este momento un r\u00e9gimen de altas presiones de r\u00edo a [&hellip;]<\/p>\n","protected":false},"author":2,"featured_media":16648,"comment_status":"closed","ping_status":"open","sticky":false,"template":"","format":"standard","meta":{"_jetpack_memberships_contains_paid_content":false,"jnews-multi-image_gallery":[],"jnews_single_post":[],"jnews_primary_category":[],"jnews_social_meta":[],"jnews_paywall_metabox":[],"jnews_review":[],"enable_review":"","type":"","name":"","summary":"","brand":"","sku":"","good":[],"bad":[],"score_override":"","override_value":"","rating":[],"price":[],"jnews_override_counter":[],"jnews_post_split":[],"footnotes":""},"categories":[21],"tags":[],"class_list":["post-16649","post","type-post","status-publish","format-standard","has-post-thumbnail","hentry","category-nacional"],"jetpack_featured_media_url":"https:\/\/laserenaradio.cl\/web\/wp-content\/uploads\/2025\/06\/homepiaiextractoscrapimg_webptemperaturaszonaviernesva_1.webp","jetpack_sharing_enabled":true,"_links":{"self":[{"href":"https:\/\/laserenaradio.cl\/web\/wp-json\/wp\/v2\/posts\/16649","targetHints":{"allow":["GET"]}}],"collection":[{"href":"https:\/\/laserenaradio.cl\/web\/wp-json\/wp\/v2\/posts"}],"about":[{"href":"https:\/\/laserenaradio.cl\/web\/wp-json\/wp\/v2\/types\/post"}],"author":[{"embeddable":true,"href":"https:\/\/laserenaradio.cl\/web\/wp-json\/wp\/v2\/users\/2"}],"replies":[{"embeddable":true,"href":"https:\/\/laserenaradio.cl\/web\/wp-json\/wp\/v2\/comments?post=16649"}],"version-history":[{"count":1,"href":"https:\/\/laserenaradio.cl\/web\/wp-json\/wp\/v2\/posts\/16649\/revisions"}],"predecessor-version":[{"id":16650,"href":"https:\/\/laserenaradio.cl\/web\/wp-json\/wp\/v2\/posts\/16649\/revisions\/16650"}],"wp:featuredmedia":[{"embeddable":true,"href":"https:\/\/laserenaradio.cl\/web\/wp-json\/wp\/v2\/media\/16648"}],"wp:attachment":[{"href":"https:\/\/laserenaradio.cl\/web\/wp-json\/wp\/v2\/media?parent=16649"}],"wp:term":[{"taxonomy":"category","embeddable":true,"href":"https:\/\/laserenaradio.cl\/web\/wp-json\/wp\/v2\/categories?post=16649"},{"taxonomy":"post_tag","embeddable":true,"href":"https:\/\/laserenaradio.cl\/web\/wp-json\/wp\/v2\/tags?post=16649"}],"curies":[{"name":"wp","href":"https:\/\/api.w.org\/{rel}","templated":true}]}}