{"id":16632,"date":"2025-06-17T21:53:07","date_gmt":"2025-06-18T00:53:07","guid":{"rendered":"https:\/\/laserenaradio.cl\/web\/?p=16632"},"modified":"2025-06-17T22:02:37","modified_gmt":"2025-06-18T01:02:37","slug":"ong-compra-isla-guafo-para-su-conservacion-ecologica","status":"publish","type":"post","link":"https:\/\/laserenaradio.cl\/web\/2025\/06\/17\/ong-compra-isla-guafo-para-su-conservacion-ecologica\/","title":{"rendered":"ONG compra Isla Guafo para su conservaci\u00f3n ecol\u00f3gica."},"content":{"rendered":"\n<p>La ONG Re:wild, respaldada por Leonardo DiCaprio, adquiri\u00f3 la Isla Guafo, conocida como &#8220;peque\u00f1a Gal\u00e1pagos&#8221;, para su conservaci\u00f3n ecol\u00f3gica. Ubicada en el extremo suroeste de Chilo\u00e9, regi\u00f3n de Los Lagos, con una superficie cercana a los 200 kil\u00f3metros cuadrados, la isla alberga uno de los ecosistemas m\u00e1s valiosos del pa\u00eds. <\/p>\n\n\n\n<p>Entre sus caracter\u00edsticas destacadas est\u00e1 la mayor colonia reproductiva de fardelas negras y zonas de paso de ballenas azules, lobos marinos y ping\u00fcinos de Magallanes. <\/p>\n\n\n\n<p>A pesar de este hito en conservaci\u00f3n privada para el sur de Chile, comunidades ind\u00edgenas como las huilliches de Quell\u00f3n expresaron preocupaci\u00f3n por su inclusi\u00f3n en el proceso. Cristian Chiguay, Lonko de la comunidad Yaldad, se\u00f1al\u00f3 que no se consideraron en la adquisici\u00f3n.<\/p>\n\n\n\n<p>Adem\u00e1s, Juan Carlos Viveros, vocero de Defendamos Chilo\u00e9, valor\u00f3 el proyecto pero llam\u00f3 a los nuevos propietarios a respetar la solicitud del Espacio Costero Marino de Pueblos Originarios.<\/p>\n\n\n\n<p>La transacci\u00f3n, aunque sin revelaci\u00f3n del monto final, representa una oportunidad crucial para frenar amenazas hist\u00f3ricas sobre la isla. Sin embargo, las comunidades locales insisten en que la conservaci\u00f3n debe incluir su participaci\u00f3n para garantizar justicia ambiental y territorial.<\/p>\n\n\n\n<figure class=\"wp-block-embed is-type-rich is-provider-twitter wp-block-embed-twitter\"><div class=\"wp-block-embed__wrapper\">\n<div class=\"embed-twitter\"><blockquote class=\"twitter-tweet\" data-width=\"500\" data-dnt=\"true\"><p lang=\"es\" dir=\"ltr\">Quiero contarles de un lugar remoto, de sobrecogedora belleza: Isla <a href=\"https:\/\/twitter.com\/hashtag\/Guafo?src=hash&amp;ref_src=twsrc%5Etfw\">#Guafo<\/a><br>puerta de la Patagonia,<br>donde los \u00fanicos residentes son quienes habitan el Faro.<br><br>Hace muchos a\u00f1os mi padre, meteor\u00f3logo naval, fue uno de ellos (mini hilo). <a href=\"https:\/\/t.co\/2Bir7wDOZX\">pic.twitter.com\/2Bir7wDOZX<\/a><\/p>&mdash; Paz Z\u00e1rate (@Paz_ZarateB) <a href=\"https:\/\/twitter.com\/Paz_ZarateB\/status\/1304883435463479300?ref_src=twsrc%5Etfw\">September 12, 2020<\/a><\/blockquote><script async src=\"https:\/\/platform.twitter.com\/widgets.js\" charset=\"utf-8\"><\/script><\/div>\n<\/div><\/figure>\n","protected":false},"excerpt":{"rendered":"<p>La ONG Re:wild, respaldada por Leonardo DiCaprio, adquiri\u00f3 la Isla Guafo, conocida como &#8220;peque\u00f1a Gal\u00e1pagos&#8221;, para su conservaci\u00f3n ecol\u00f3gica. Ubicada en el extremo suroeste de Chilo\u00e9, regi\u00f3n de Los Lagos, con una superficie cercana a los 200 kil\u00f3metros cuadrados, la isla alberga uno de los ecosistemas m\u00e1s valiosos del pa\u00eds. Entre sus caracter\u00edsticas destacadas est\u00e1 [&hellip;]<\/p>\n","protected":false},"author":2,"featured_media":16631,"comment_status":"closed","ping_status":"open","sticky":false,"template":"","format":"standard","meta":{"_jetpack_memberships_contains_paid_content":false,"jnews-multi-image_gallery":[],"jnews_single_post":{"format":"standard"},"jnews_primary_category":[],"jnews_social_meta":[],"jnews_paywall_metabox":[],"jnews_review":[],"enable_review":"","type":"","name":"","summary":"","brand":"","sku":"","good":[],"bad":[],"score_override":"","override_value":"","rating":[],"price":[],"jnews_override_counter":[],"jnews_post_split":[],"footnotes":""},"categories":[21],"tags":[],"class_list":["post-16632","post","type-post","status-publish","format-standard","has-post-thumbnail","hentry","category-nacional"],"jetpack_featured_media_url":"https:\/\/laserenaradio.cl\/web\/wp-content\/uploads\/2025\/06\/homepiaiextractoscrapimg_webpIslaGuafoislacomunidadesRe_1.webp","jetpack_sharing_enabled":true,"_links":{"self":[{"href":"https:\/\/laserenaradio.cl\/web\/wp-json\/wp\/v2\/posts\/16632","targetHints":{"allow":["GET"]}}],"collection":[{"href":"https:\/\/laserenaradio.cl\/web\/wp-json\/wp\/v2\/posts"}],"about":[{"href":"https:\/\/laserenaradio.cl\/web\/wp-json\/wp\/v2\/types\/post"}],"author":[{"embeddable":true,"href":"https:\/\/laserenaradio.cl\/web\/wp-json\/wp\/v2\/users\/2"}],"replies":[{"embeddable":true,"href":"https:\/\/laserenaradio.cl\/web\/wp-json\/wp\/v2\/comments?post=16632"}],"version-history":[{"count":2,"href":"https:\/\/laserenaradio.cl\/web\/wp-json\/wp\/v2\/posts\/16632\/revisions"}],"predecessor-version":[{"id":16635,"href":"https:\/\/laserenaradio.cl\/web\/wp-json\/wp\/v2\/posts\/16632\/revisions\/16635"}],"wp:featuredmedia":[{"embeddable":true,"href":"https:\/\/laserenaradio.cl\/web\/wp-json\/wp\/v2\/media\/16631"}],"wp:attachment":[{"href":"https:\/\/laserenaradio.cl\/web\/wp-json\/wp\/v2\/media?parent=16632"}],"wp:term":[{"taxonomy":"category","embeddable":true,"href":"https:\/\/laserenaradio.cl\/web\/wp-json\/wp\/v2\/categories?post=16632"},{"taxonomy":"post_tag","embeddable":true,"href":"https:\/\/laserenaradio.cl\/web\/wp-json\/wp\/v2\/tags?post=16632"}],"curies":[{"name":"wp","href":"https:\/\/api.w.org\/{rel}","templated":true}]}}