{"id":16629,"date":"2025-06-17T21:30:20","date_gmt":"2025-06-18T00:30:20","guid":{"rendered":"https:\/\/laserenaradio.cl\/web\/?p=16629"},"modified":"2025-06-17T21:30:20","modified_gmt":"2025-06-18T00:30:20","slug":"colegio-nido-de-aguilas-apela-decision-sobre-suicidio-de-alumna","status":"publish","type":"post","link":"https:\/\/laserenaradio.cl\/web\/2025\/06\/17\/colegio-nido-de-aguilas-apela-decision-sobre-suicidio-de-alumna\/","title":{"rendered":"Colegio Nido de \u00c1guilas apela decisi\u00f3n sobre suicidio de alumna"},"content":{"rendered":"<p>El Colegio Nido de \u00c1guilas anunci\u00f3 que apelar\u00e1 la decisi\u00f3n del 16\u00ba Juzgado Civil de Santiago, que determin\u00f3 responsabilidad en el suicidio de su estudiante Katy Winter. <\/p>\n<p>La sentencia estableci\u00f3 que el colegio fue responsable por no evitar que Winter saliera del recinto para dirigirse a Providencia y por no aplicar un protocolo adecuado ante el acoso (bullying) que la joven sufri\u00f3. <\/p>\n<p>El tribunal afirm\u00f3 que la obligaci\u00f3n de resguardo psicol\u00f3gico sobre los alumnos no se limita \u00fanicamente a aplicar los protocolos existentes, lo cual llev\u00f3 al Colegio Nido de \u00c1guilas a anunciar su intenci\u00f3n de apelar.<\/p>\n<p>A pesar de la prescripci\u00f3n determinada por el tribunal, el colegio se\u00f1al\u00f3 que &#8220;el tribunal estableci\u00f3 que el colegio actu\u00f3 de manera diligente respecto de las situaciones de acoso que denunci\u00f3 la familia de la estudiante&#8221;. <\/p>\n<p>El Nido de \u00c1guilas expres\u00f3 que presentar\u00e1 los recursos pertinentes ante la Corte de Apelaciones y, si es necesario, ante la Corte Suprema. Adem\u00e1s, destacaron su compromiso con la seguridad y el bienestar de sus estudiantes.<\/p>\n<p>La comunidad educativa del colegio reconoci\u00f3 la complejidad del fen\u00f3meno del suicidio multicausal, pero reforzaron las acciones para apoyar la salud mental y el bienestar de los alumnos. <\/p>\n<p>Desde prek\u00ednder hasta la ense\u00f1anza regular, los estudiantes cuentan con orientadores asignados y asisten a sesiones de educaci\u00f3n socioemocional como parte del plan de estudios. <\/p>\n<p>El colegio tambi\u00e9n participa en capacitaciones de prevenci\u00f3n del suicidio para profesores y personal, realiza talleres con estudiantes y apoderados sobre este tema, e imparte talleres sobre salud mental a otros establecimientos educacionales en Chile.<\/p>\n","protected":false},"excerpt":{"rendered":"<p>El Colegio Nido de \u00c1guilas anunci\u00f3 que apelar\u00e1 la decisi\u00f3n del 16\u00ba Juzgado Civil de Santiago, que determin\u00f3 responsabilidad en el suicidio de su estudiante Katy Winter. La sentencia estableci\u00f3 que el colegio fue responsable por no evitar que Winter saliera del recinto para dirigirse a Providencia y por no aplicar un protocolo adecuado ante [&hellip;]<\/p>\n","protected":false},"author":2,"featured_media":16628,"comment_status":"closed","ping_status":"open","sticky":false,"template":"","format":"standard","meta":{"_jetpack_memberships_contains_paid_content":false,"jnews-multi-image_gallery":[],"jnews_single_post":[],"jnews_primary_category":[],"jnews_social_meta":[],"jnews_paywall_metabox":[],"jnews_review":[],"enable_review":"","type":"","name":"","summary":"","brand":"","sku":"","good":[],"bad":[],"score_override":"","override_value":"","rating":[],"price":[],"jnews_override_counter":[],"jnews_post_split":[],"footnotes":""},"categories":[21],"tags":[],"class_list":["post-16629","post","type-post","status-publish","format-standard","has-post-thumbnail","hentry","category-nacional"],"jetpack_featured_media_url":"https:\/\/laserenaradio.cl\/web\/wp-content\/uploads\/2025\/06\/homepiaiextractoscrapimg_predeterminadalaserenaradio_nacional-20.webp","jetpack_sharing_enabled":true,"_links":{"self":[{"href":"https:\/\/laserenaradio.cl\/web\/wp-json\/wp\/v2\/posts\/16629","targetHints":{"allow":["GET"]}}],"collection":[{"href":"https:\/\/laserenaradio.cl\/web\/wp-json\/wp\/v2\/posts"}],"about":[{"href":"https:\/\/laserenaradio.cl\/web\/wp-json\/wp\/v2\/types\/post"}],"author":[{"embeddable":true,"href":"https:\/\/laserenaradio.cl\/web\/wp-json\/wp\/v2\/users\/2"}],"replies":[{"embeddable":true,"href":"https:\/\/laserenaradio.cl\/web\/wp-json\/wp\/v2\/comments?post=16629"}],"version-history":[{"count":1,"href":"https:\/\/laserenaradio.cl\/web\/wp-json\/wp\/v2\/posts\/16629\/revisions"}],"predecessor-version":[{"id":16630,"href":"https:\/\/laserenaradio.cl\/web\/wp-json\/wp\/v2\/posts\/16629\/revisions\/16630"}],"wp:featuredmedia":[{"embeddable":true,"href":"https:\/\/laserenaradio.cl\/web\/wp-json\/wp\/v2\/media\/16628"}],"wp:attachment":[{"href":"https:\/\/laserenaradio.cl\/web\/wp-json\/wp\/v2\/media?parent=16629"}],"wp:term":[{"taxonomy":"category","embeddable":true,"href":"https:\/\/laserenaradio.cl\/web\/wp-json\/wp\/v2\/categories?post=16629"},{"taxonomy":"post_tag","embeddable":true,"href":"https:\/\/laserenaradio.cl\/web\/wp-json\/wp\/v2\/tags?post=16629"}],"curies":[{"name":"wp","href":"https:\/\/api.w.org\/{rel}","templated":true}]}}