{"id":16620,"date":"2025-06-17T21:15:05","date_gmt":"2025-06-18T00:15:05","guid":{"rendered":"https:\/\/laserenaradio.cl\/web\/?p=16620"},"modified":"2025-06-17T21:15:05","modified_gmt":"2025-06-18T00:15:05","slug":"ministro-de-hacienda-se-reune-con-la-nueva-mesa-directiva-de-la-cut","status":"publish","type":"post","link":"https:\/\/laserenaradio.cl\/web\/2025\/06\/17\/ministro-de-hacienda-se-reune-con-la-nueva-mesa-directiva-de-la-cut\/","title":{"rendered":"Ministro de Hacienda se re\u00fane con la nueva mesa directiva de la CUT."},"content":{"rendered":"<p>Hoy en Alameda 1346, sede de la Central Unitaria de Trabajadores (CUT), se realiz\u00f3 un desayuno entre el ministro de Hacienda, Mario Marcel y la nueva mesa directiva. El tema central fue la discusi\u00f3n del salario m\u00ednimo en su tercer tr\u00e1mite en el Congreso.<\/p>\n<p>Marcel destac\u00f3 que ya hubo una propuesta sobre el Observatorio de Costo de Vida, lo que indica un avance en la resoluci\u00f3n del tema. &#8220;Espero que en los pr\u00f3ximos d\u00edas finalmente ya tengamos aprobada la ley&#8221;, expres\u00f3 con optimismo.<\/p>\n<p>El presidente de la CUT, Jos\u00e9 Manuel D\u00edaz, agradeci\u00f3 la visita del ministro y se\u00f1al\u00f3 que este es un gesto recurrente cuando se renueva la mesa directiva. Dijo que los gestos se valoran &#8220;en el sentido de reconocer a la CUT como una contraparte leg\u00edtima&#8221;.<\/p>\n<p>Adem\u00e1s de discutir el salario m\u00ednimo, Marcel tambi\u00e9n toc\u00f3 el tema de la negociaci\u00f3n multinivel. Participaron en la reuni\u00f3n representantes importantes de la multisindical: Gabriela Farias, Silvia Silva, Karen Palma y Leonel Sep\u00falveda.<\/p>\n<p>D\u00edaz respondi\u00f3 a cr\u00edticas generadas por las demoras en la discusi\u00f3n del salario m\u00ednimo, explicando que esta propuesta surgi\u00f3 en conversaciones tripartitas. &#8220;Lamentamos que los parlamentarios no se informen de d\u00f3nde viene una iniciativa que viene a fortalecer el debate del salario m\u00ednimo&#8221;, concluy\u00f3.<\/p>\n","protected":false},"excerpt":{"rendered":"<p>Hoy en Alameda 1346, sede de la Central Unitaria de Trabajadores (CUT), se realiz\u00f3 un desayuno entre el ministro de Hacienda, Mario Marcel y la nueva mesa directiva. El tema central fue la discusi\u00f3n del salario m\u00ednimo en su tercer tr\u00e1mite en el Congreso. Marcel destac\u00f3 que ya hubo una propuesta sobre el Observatorio de [&hellip;]<\/p>\n","protected":false},"author":2,"featured_media":16619,"comment_status":"closed","ping_status":"open","sticky":false,"template":"","format":"standard","meta":{"_jetpack_memberships_contains_paid_content":false,"jnews-multi-image_gallery":[],"jnews_single_post":[],"jnews_primary_category":[],"jnews_social_meta":[],"jnews_paywall_metabox":[],"jnews_review":[],"enable_review":"","type":"","name":"","summary":"","brand":"","sku":"","good":[],"bad":[],"score_override":"","override_value":"","rating":[],"price":[],"jnews_override_counter":[],"jnews_post_split":[],"footnotes":""},"categories":[21],"tags":[],"class_list":["post-16620","post","type-post","status-publish","format-standard","has-post-thumbnail","hentry","category-nacional"],"jetpack_featured_media_url":"https:\/\/laserenaradio.cl\/web\/wp-content\/uploads\/2025\/06\/homepiaiextractoscrapimg_predeterminadalaserenaradio_nacional-19.webp","jetpack_sharing_enabled":true,"_links":{"self":[{"href":"https:\/\/laserenaradio.cl\/web\/wp-json\/wp\/v2\/posts\/16620","targetHints":{"allow":["GET"]}}],"collection":[{"href":"https:\/\/laserenaradio.cl\/web\/wp-json\/wp\/v2\/posts"}],"about":[{"href":"https:\/\/laserenaradio.cl\/web\/wp-json\/wp\/v2\/types\/post"}],"author":[{"embeddable":true,"href":"https:\/\/laserenaradio.cl\/web\/wp-json\/wp\/v2\/users\/2"}],"replies":[{"embeddable":true,"href":"https:\/\/laserenaradio.cl\/web\/wp-json\/wp\/v2\/comments?post=16620"}],"version-history":[{"count":1,"href":"https:\/\/laserenaradio.cl\/web\/wp-json\/wp\/v2\/posts\/16620\/revisions"}],"predecessor-version":[{"id":16621,"href":"https:\/\/laserenaradio.cl\/web\/wp-json\/wp\/v2\/posts\/16620\/revisions\/16621"}],"wp:featuredmedia":[{"embeddable":true,"href":"https:\/\/laserenaradio.cl\/web\/wp-json\/wp\/v2\/media\/16619"}],"wp:attachment":[{"href":"https:\/\/laserenaradio.cl\/web\/wp-json\/wp\/v2\/media?parent=16620"}],"wp:term":[{"taxonomy":"category","embeddable":true,"href":"https:\/\/laserenaradio.cl\/web\/wp-json\/wp\/v2\/categories?post=16620"},{"taxonomy":"post_tag","embeddable":true,"href":"https:\/\/laserenaradio.cl\/web\/wp-json\/wp\/v2\/tags?post=16620"}],"curies":[{"name":"wp","href":"https:\/\/api.w.org\/{rel}","templated":true}]}}