{"id":16599,"date":"2025-06-16T21:23:05","date_gmt":"2025-06-17T00:23:05","guid":{"rendered":"https:\/\/laserenaradio.cl\/web\/?p=16599"},"modified":"2025-06-16T21:23:05","modified_gmt":"2025-06-17T00:23:05","slug":"colegio-acusado-del-suicidio-de-una-estudiante-tras-ser-victima-de-bullying","status":"publish","type":"post","link":"https:\/\/laserenaradio.cl\/web\/2025\/06\/16\/colegio-acusado-del-suicidio-de-una-estudiante-tras-ser-victima-de-bullying\/","title":{"rendered":"Colegio acusado del suicidio de una estudiante tras ser v\u00edctima de bullying"},"content":{"rendered":"<p>El 16.\u00ba Juzgado Civil de Santiago acredit\u00f3 la responsabilidad contractual del Colegio Nido de \u00c1guilas en el suicidio de Katy Winter, estudiante de Lo Barnechea. Pese a este hallazgo, la demanda civil presentada por su madre fue rechazada debido a la prescripci\u00f3n legal. El tr\u00e1gico hecho ocurri\u00f3 el 22 de mayo de 2018, cuando Katherine Winter, de 16 a\u00f1os, se suicid\u00f3 en un ba\u00f1o de Starbucks luego de ser v\u00edctima de bullying.<\/p>\n<p>La familia present\u00f3 una demanda por $350 millones ante el tribunal, pero la prescripci\u00f3n impidi\u00f3 que se acogiera su reclamo. El colegio hab\u00eda solicitado al tribunal considerar la prescripci\u00f3n debido a los cinco a\u00f1os transcurridos desde el incidente en 2018.<\/p>\n<p>Posteriormente, en mayo de 2019, la <a href=\"https:\/\/www.supereduc.cl\/\">Superintendencia de Educaci\u00f3n<\/a> formul\u00f3 cargos contra Nido de \u00c1guilas y mult\u00f3 al colegio con 51 UTM, aproximadamente $3.500.000 actuales. La familia destac\u00f3 dos falencias: el permiso para que Katy saliera del recinto escolar sin autorizaci\u00f3n y la falta de medidas contra el acoso escolar.<\/p>\n<p>El tribunal consider\u00f3 que la obligaci\u00f3n de cuidado del colegio se inicia desde que la alumna entra al establecimiento, y que el Colegio Nido de \u00c1guilas incumpli\u00f3 su deber al permitir a Katy salir sin autorizaci\u00f3n. Tambi\u00e9n se concluy\u00f3 que debieron aplicar un protocolo adecuado para el caso.<\/p>\n<p>En conclusi\u00f3n, la justicia estableci\u00f3 que no solo hab\u00eda una responsabilidad contractual por el bullying, sino tambi\u00e9n una obligaci\u00f3n de resguardo psicol\u00f3gico y aplicaci\u00f3n de protocolos contra el acoso escolar.<\/p>\n","protected":false},"excerpt":{"rendered":"<p>El 16.\u00ba Juzgado Civil de Santiago acredit\u00f3 la responsabilidad contractual del Colegio Nido de \u00c1guilas en el suicidio de Katy Winter, estudiante de Lo Barnechea. Pese a este hallazgo, la demanda civil presentada por su madre fue rechazada debido a la prescripci\u00f3n legal. El tr\u00e1gico hecho ocurri\u00f3 el 22 de mayo de 2018, cuando Katherine [&hellip;]<\/p>\n","protected":false},"author":2,"featured_media":16598,"comment_status":"closed","ping_status":"open","sticky":false,"template":"","format":"standard","meta":{"_jetpack_memberships_contains_paid_content":false,"jnews-multi-image_gallery":[],"jnews_single_post":[],"jnews_primary_category":[],"jnews_social_meta":[],"jnews_paywall_metabox":[],"jnews_review":[],"enable_review":"","type":"","name":"","summary":"","brand":"","sku":"","good":[],"bad":[],"score_override":"","override_value":"","rating":[],"price":[],"jnews_override_counter":[],"jnews_post_split":[],"footnotes":""},"categories":[21],"tags":[],"class_list":["post-16599","post","type-post","status-publish","format-standard","has-post-thumbnail","hentry","category-nacional"],"jetpack_featured_media_url":"https:\/\/laserenaradio.cl\/web\/wp-content\/uploads\/2025\/06\/homepiaiextractoscrapimg_predeterminadalaserenaradio_nacional-18.webp","jetpack_sharing_enabled":true,"_links":{"self":[{"href":"https:\/\/laserenaradio.cl\/web\/wp-json\/wp\/v2\/posts\/16599","targetHints":{"allow":["GET"]}}],"collection":[{"href":"https:\/\/laserenaradio.cl\/web\/wp-json\/wp\/v2\/posts"}],"about":[{"href":"https:\/\/laserenaradio.cl\/web\/wp-json\/wp\/v2\/types\/post"}],"author":[{"embeddable":true,"href":"https:\/\/laserenaradio.cl\/web\/wp-json\/wp\/v2\/users\/2"}],"replies":[{"embeddable":true,"href":"https:\/\/laserenaradio.cl\/web\/wp-json\/wp\/v2\/comments?post=16599"}],"version-history":[{"count":1,"href":"https:\/\/laserenaradio.cl\/web\/wp-json\/wp\/v2\/posts\/16599\/revisions"}],"predecessor-version":[{"id":16600,"href":"https:\/\/laserenaradio.cl\/web\/wp-json\/wp\/v2\/posts\/16599\/revisions\/16600"}],"wp:featuredmedia":[{"embeddable":true,"href":"https:\/\/laserenaradio.cl\/web\/wp-json\/wp\/v2\/media\/16598"}],"wp:attachment":[{"href":"https:\/\/laserenaradio.cl\/web\/wp-json\/wp\/v2\/media?parent=16599"}],"wp:term":[{"taxonomy":"category","embeddable":true,"href":"https:\/\/laserenaradio.cl\/web\/wp-json\/wp\/v2\/categories?post=16599"},{"taxonomy":"post_tag","embeddable":true,"href":"https:\/\/laserenaradio.cl\/web\/wp-json\/wp\/v2\/tags?post=16599"}],"curies":[{"name":"wp","href":"https:\/\/api.w.org\/{rel}","templated":true}]}}