{"id":16578,"date":"2025-06-15T16:46:59","date_gmt":"2025-06-15T19:46:59","guid":{"rendered":"https:\/\/laserenaradio.cl\/web\/?p=16578"},"modified":"2025-06-15T16:46:59","modified_gmt":"2025-06-15T19:46:59","slug":"desaparicion-de-cuerpos-en-cementerio-de-la-serena","status":"publish","type":"post","link":"https:\/\/laserenaradio.cl\/web\/2025\/06\/15\/desaparicion-de-cuerpos-en-cementerio-de-la-serena\/","title":{"rendered":"Desaparici\u00f3n de cuerpos en cementerio de La Serena"},"content":{"rendered":"<p>Al menos 15 cuerpos desaparecieron del cementerio de La Serena, hecho denunciado por la municipalidad debido a presuntas inhumaciones y exhumaciones ilegales. El Departamento de Control Interno revel\u00f3 anomal\u00edas operativas y administrativas en el camposanto.<\/p>\n<p>Tras una auditor\u00eda iniciada en marzo, se evidenciaron irregularidades entre actas de exhumaci\u00f3n y la ubicaci\u00f3n real de los cuerpos. Estos documentos indicaban la desaparici\u00f3n de al menos 15 cuerpos que no estaban en sus supuestos lugares.<\/p>\n<p>La <a href=\"https:\/\/www.fiscaliadechile.cl\/\">Fiscal\u00eda<\/a> de La Serena recibi\u00f3 denuncias de la Corporaci\u00f3n Gabriel Gonz\u00e1lez Videla, por infracciones a normas de inhumaciones y exhumaciones. En curso de investigaci\u00f3n, se solicitaron m\u00e1s detalles a la administraci\u00f3n del cementerio y a la Seremi de Salud.<\/p>\n<p>En respuesta, el fiscal Marcial P\u00e9rez instruy\u00f3 a la <a href=\"https:\/\/www.pdichile.cl\/\">PDI<\/a> de La Serena realizar diligencias operativas en las instalaciones del camposanto durante la ma\u00f1ana del s\u00e1bado. Los detectives inspeccionaron documentos y nichos en busca de respuestas.<\/p>\n<p>La investigaci\u00f3n fue ordenada el viernes por la tarde, y los polic\u00edas llegaron al cementerio a las 9:00 horas para llevar a cabo sus labores.<\/p>\n<p>La alcaldesa Daniela Norambuena confirm\u00f3 que la municipalidad est\u00e1 dispuesta a colaborar con todas las necesidades de la investigaci\u00f3n, manteniendo contacto constante con la <a href=\"https:\/\/www.pdichile.cl\/\">PDI<\/a>.<\/p>\n","protected":false},"excerpt":{"rendered":"<p>Al menos 15 cuerpos desaparecieron del cementerio de La Serena, hecho denunciado por la municipalidad debido a presuntas inhumaciones y exhumaciones ilegales. El Departamento de Control Interno revel\u00f3 anomal\u00edas operativas y administrativas en el camposanto. Tras una auditor\u00eda iniciada en marzo, se evidenciaron irregularidades entre actas de exhumaci\u00f3n y la ubicaci\u00f3n real de los cuerpos. [&hellip;]<\/p>\n","protected":false},"author":2,"featured_media":16577,"comment_status":"closed","ping_status":"open","sticky":false,"template":"","format":"standard","meta":{"_jetpack_memberships_contains_paid_content":false,"jnews-multi-image_gallery":[],"jnews_single_post":[],"jnews_primary_category":[],"jnews_social_meta":[],"jnews_paywall_metabox":[],"jnews_review":[],"enable_review":"","type":"","name":"","summary":"","brand":"","sku":"","good":[],"bad":[],"score_override":"","override_value":"","rating":[],"price":[],"jnews_override_counter":[],"jnews_post_split":[],"footnotes":""},"categories":[21],"tags":[],"class_list":["post-16578","post","type-post","status-publish","format-standard","has-post-thumbnail","hentry","category-nacional"],"jetpack_featured_media_url":"https:\/\/laserenaradio.cl\/web\/wp-content\/uploads\/2025\/06\/homepiaiextractoscrapimg_webpDesaparicionSerena_0.webp","jetpack_sharing_enabled":true,"_links":{"self":[{"href":"https:\/\/laserenaradio.cl\/web\/wp-json\/wp\/v2\/posts\/16578","targetHints":{"allow":["GET"]}}],"collection":[{"href":"https:\/\/laserenaradio.cl\/web\/wp-json\/wp\/v2\/posts"}],"about":[{"href":"https:\/\/laserenaradio.cl\/web\/wp-json\/wp\/v2\/types\/post"}],"author":[{"embeddable":true,"href":"https:\/\/laserenaradio.cl\/web\/wp-json\/wp\/v2\/users\/2"}],"replies":[{"embeddable":true,"href":"https:\/\/laserenaradio.cl\/web\/wp-json\/wp\/v2\/comments?post=16578"}],"version-history":[{"count":1,"href":"https:\/\/laserenaradio.cl\/web\/wp-json\/wp\/v2\/posts\/16578\/revisions"}],"predecessor-version":[{"id":16579,"href":"https:\/\/laserenaradio.cl\/web\/wp-json\/wp\/v2\/posts\/16578\/revisions\/16579"}],"wp:featuredmedia":[{"embeddable":true,"href":"https:\/\/laserenaradio.cl\/web\/wp-json\/wp\/v2\/media\/16577"}],"wp:attachment":[{"href":"https:\/\/laserenaradio.cl\/web\/wp-json\/wp\/v2\/media?parent=16578"}],"wp:term":[{"taxonomy":"category","embeddable":true,"href":"https:\/\/laserenaradio.cl\/web\/wp-json\/wp\/v2\/categories?post=16578"},{"taxonomy":"post_tag","embeddable":true,"href":"https:\/\/laserenaradio.cl\/web\/wp-json\/wp\/v2\/tags?post=16578"}],"curies":[{"name":"wp","href":"https:\/\/api.w.org\/{rel}","templated":true}]}}